{"id":15293,"date":"2024-05-22T12:28:23","date_gmt":"2024-05-22T12:28:23","guid":{"rendered":"https:\/\/principesdeparis.es\/principes\/?p=15293"},"modified":"2024-05-22T12:32:57","modified_gmt":"2024-05-22T12:32:57","slug":"zedadka-otro-que-dice-adios","status":"publish","type":"post","link":"https:\/\/principesdeparis.es\/principes\/zedadka-otro-que-dice-adios\/","title":{"rendered":"Zedadka, otro que dice adi\u00f3s"},"content":{"rendered":"<p>Las pruebas m\u00e9dicas a las que sido sometido hoy Zedadka hay detectado que el lateral franc\u00e9s sufre una lesi\u00f3n a nivel del recto femoral de su pierna derecha, por lo que se despide de la temporada, a la que tan s\u00f3lo le restan los partidos frente al Racing en Santander y el Albacete en La Romareda. El jugador, quien lleg\u00f3 cedido hasta final de curso en el pasado mes de enero cedido por el Lille, tuvo que ser sustituido en la segunda parte del partido disputado el domingo frente al Racing Club de Ferrol. Akim Zedadka ha disputado once encuentros, tan s\u00f3lo siete de titular, tres de ellos con V\u00edctor Fern\u00e1ndez, que le ha utilizado en la izquierda como consecuencia de la ausencia de por lesi\u00f3n de Lecoeuche.<\/p>\n","protected":false},"excerpt":{"rendered":"<p>Las pruebas m\u00e9dicas a las que sido sometido hoy Zedadka hay detectado que el lateral franc\u00e9s sufre una lesi\u00f3n a nivel del recto femoral de su pierna derecha, por lo que se despide de la temporada, a la que tan s\u00f3lo le restan los partidos frente al Racing en Santander <a class=\"read-more\" href=\"https:\/\/principesdeparis.es\/principes\/zedadka-otro-que-dice-adios\/\">Sigue leyendo<\/a><\/p>\n","protected":false},"author":2,"featured_media":15294,"comment_status":"open","ping_status":"open","sticky":false,"template":"","format":"standard","meta":{"footnotes":""},"categories":[13,1],"tags":[],"class_list":["post-15293","post","type-post","status-publish","format-standard","has-post-thumbnail","hentry","category-publicidad","category-real-zaragoza"],"_links":{"self":[{"href":"https:\/\/principesdeparis.es\/principes\/wp-json\/wp\/v2\/posts\/15293","targetHints":{"allow":["GET"]}}],"collection":[{"href":"https:\/\/principesdeparis.es\/principes\/wp-json\/wp\/v2\/posts"}],"about":[{"href":"https:\/\/principesdeparis.es\/principes\/wp-json\/wp\/v2\/types\/post"}],"author":[{"embeddable":true,"href":"https:\/\/principesdeparis.es\/principes\/wp-json\/wp\/v2\/users\/2"}],"replies":[{"embeddable":true,"href":"https:\/\/principesdeparis.es\/principes\/wp-json\/wp\/v2\/comments?post=15293"}],"version-history":[{"count":1,"href":"https:\/\/principesdeparis.es\/principes\/wp-json\/wp\/v2\/posts\/15293\/revisions"}],"predecessor-version":[{"id":15295,"href":"https:\/\/principesdeparis.es\/principes\/wp-json\/wp\/v2\/posts\/15293\/revisions\/15295"}],"wp:featuredmedia":[{"embeddable":true,"href":"https:\/\/principesdeparis.es\/principes\/wp-json\/wp\/v2\/media\/15294"}],"wp:attachment":[{"href":"https:\/\/principesdeparis.es\/principes\/wp-json\/wp\/v2\/media?parent=15293"}],"wp:term":[{"taxonomy":"category","embeddable":true,"href":"https:\/\/principesdeparis.es\/principes\/wp-json\/wp\/v2\/categories?post=15293"},{"taxonomy":"post_tag","embeddable":true,"href":"https:\/\/principesdeparis.es\/principes\/wp-json\/wp\/v2\/tags?post=15293"}],"curies":[{"name":"wp","href":"https:\/\/api.w.org\/{rel}","templated":true}]}}