{"id":15299,"date":"2024-05-24T12:02:10","date_gmt":"2024-05-24T12:02:10","guid":{"rendered":"https:\/\/principesdeparis.es\/principes\/?p=15299"},"modified":"2024-05-24T14:49:20","modified_gmt":"2024-05-24T14:49:20","slug":"cristian-se-cae-de-la-porteria","status":"publish","type":"post","link":"https:\/\/principesdeparis.es\/principes\/cristian-se-cae-de-la-porteria\/","title":{"rendered":"Cristian se cae de la porter\u00eda"},"content":{"rendered":"<p>Tres partidos despu\u00e9s de su regreso a la titularidad, en cuanto V\u00edctor Fern\u00e1ndez pudo disponer del argentino tras superar una lesi\u00f3n que le tuvo seis meses inactivo, todo apunta a que Cristian \u00c1lvarez se caer\u00e1 de la porter\u00eda frente al Racing el pr\u00f3ximo domingo en El Sardinero y posiblemente tambi\u00e9n en el cierre de Liga contra el Albacete en La Romareda. El guardameta acab\u00f3 el ensayo del jueves con problemas musculares y no ha estado presente en la sesi\u00f3n de hoy, pendiente de que se le realicen pruebas m\u00e9dicas para conocer el alcance de su nueva dolencia. \u00abNo soy muy optimista con Cristian\u00bb, ha dicho V\u00edctor este mediod\u00eda. As\u00ed, Edgar Bad\u00eda, titular hasta hace tres jornadas, regresar\u00e1 para afrontar con el equipo la permanencia que a\u00fan est\u00e1 en el aire.<\/p>\n","protected":false},"excerpt":{"rendered":"<p>Tres partidos despu\u00e9s de su regreso a la titularidad, en cuanto V\u00edctor Fern\u00e1ndez pudo disponer del argentino tras superar una lesi\u00f3n que le tuvo seis meses inactivo, todo apunta a que Cristian \u00c1lvarez se caer\u00e1 de la porter\u00eda frente al Racing el pr\u00f3ximo domingo en El Sardinero y posiblemente tambi\u00e9n <a class=\"read-more\" href=\"https:\/\/principesdeparis.es\/principes\/cristian-se-cae-de-la-porteria\/\">Sigue leyendo<\/a><\/p>\n","protected":false},"author":2,"featured_media":15300,"comment_status":"open","ping_status":"open","sticky":false,"template":"","format":"standard","meta":{"footnotes":""},"categories":[13,1],"tags":[],"class_list":["post-15299","post","type-post","status-publish","format-standard","has-post-thumbnail","hentry","category-publicidad","category-real-zaragoza"],"_links":{"self":[{"href":"https:\/\/principesdeparis.es\/principes\/wp-json\/wp\/v2\/posts\/15299","targetHints":{"allow":["GET"]}}],"collection":[{"href":"https:\/\/principesdeparis.es\/principes\/wp-json\/wp\/v2\/posts"}],"about":[{"href":"https:\/\/principesdeparis.es\/principes\/wp-json\/wp\/v2\/types\/post"}],"author":[{"embeddable":true,"href":"https:\/\/principesdeparis.es\/principes\/wp-json\/wp\/v2\/users\/2"}],"replies":[{"embeddable":true,"href":"https:\/\/principesdeparis.es\/principes\/wp-json\/wp\/v2\/comments?post=15299"}],"version-history":[{"count":2,"href":"https:\/\/principesdeparis.es\/principes\/wp-json\/wp\/v2\/posts\/15299\/revisions"}],"predecessor-version":[{"id":15302,"href":"https:\/\/principesdeparis.es\/principes\/wp-json\/wp\/v2\/posts\/15299\/revisions\/15302"}],"wp:featuredmedia":[{"embeddable":true,"href":"https:\/\/principesdeparis.es\/principes\/wp-json\/wp\/v2\/media\/15300"}],"wp:attachment":[{"href":"https:\/\/principesdeparis.es\/principes\/wp-json\/wp\/v2\/media?parent=15299"}],"wp:term":[{"taxonomy":"category","embeddable":true,"href":"https:\/\/principesdeparis.es\/principes\/wp-json\/wp\/v2\/categories?post=15299"},{"taxonomy":"post_tag","embeddable":true,"href":"https:\/\/principesdeparis.es\/principes\/wp-json\/wp\/v2\/tags?post=15299"}],"curies":[{"name":"wp","href":"https:\/\/api.w.org\/{rel}","templated":true}]}}