{"id":15303,"date":"2024-05-24T20:45:24","date_gmt":"2024-05-24T20:45:24","guid":{"rendered":"https:\/\/principesdeparis.es\/principes\/?p=15303"},"modified":"2024-05-24T22:28:14","modified_gmt":"2024-05-24T22:28:14","slug":"189-puntos-de-402-posibles-el-legado-del-victor-posrecopa","status":"publish","type":"post","link":"https:\/\/principesdeparis.es\/principes\/189-puntos-de-402-posibles-el-legado-del-victor-posrecopa\/","title":{"rendered":"189 puntos de 402 posibles, el legado del V\u00edctor posRecopa"},"content":{"rendered":"<p style=\"text-align: center;\"><em><strong>Las tres aventuras del t\u00e9cnico en el club despu\u00e9s del t\u00edtulo continental del Real Zaragoza en 1995, con dos cursos en Primera y tres en Segunda, arrojan unas cifras pobres en su totalidad<\/strong><\/em><\/p>\n<p>La leyenda de V\u00edctor Fern\u00e1ndez en el Real Zaragoza se ci\u00f1e exclusivamente al primer lustro de los a\u00f1os 90 del siglo XX por mucho que alg\u00fan periodista de vertebrado inter\u00e9s, su s\u00e9quito desvestido de criterio y un heraldo de la naftalina est\u00e9n abonados a lo indefendible. No fue poco, todo lo contrario, lo que logr\u00f3 junto a una generaci\u00f3n de maravillosos futbolistas con los que sobre todo congeni\u00f3 en el c\u00e9sped. Despu\u00e9s de lograr una permanencia ag\u00f3nica en Primera en la promoci\u00f3n de 1991 frente al Murcia, el entrenador colabor\u00f3 a que el equipo se clasificara para la Copa de la UEFA y disputara dos finales de Copa consecutivas, la primera perdida en 1993 frente a un Real Madrid que encontr\u00f3 un valioso e indisimulado aliado en Ur\u00edo Vel\u00e1zquez y la segunda un a\u00f1o despu\u00e9s, con el triunfo en la tanda de penaltis contra el Celta de Txetxu Rojo, camino del tercer puesto y del mayo registro anotador de la historia con 71 goles que adorn\u00f3 con un 4-1 ante el Madrid en la \u00faltima jornada de Liga. Enamoraba el f\u00fatbol del conjunto aragon\u00e9s bordado con jugadores de seda, la mayor\u00eda lejos de sus or\u00edgenes y un buen pu\u00f1ado en la madurez de sus carreras. Todos besaron la gloria del disfrute y de los t\u00edtulos dentro del patr\u00f3n del espect\u00e1culo emocional y deportivo. Incluso en la derrota, como aquella Supercopa perdida con el Bar\u00e7a en un partido de vuelta que los aragoneses vencieron por 4-5 en el Camp Nou. A la ma\u00f1ana siguiente, fueron recibidos como h\u00e9roes a su llegada al Municipal en autob\u00fas.<\/p>\n<p>Un a\u00f1o y medio del m\u00e1gico golpeo de Nayim en el Parque de los Pr\u00edncipes, V\u00edctor Fern\u00e1ndez fue destituido por Alfonso Solans j\u00fanior y los resultados. Una sola victoria en once jornadas ten\u00eda al Real Zaragoza vig\u00e9simo, en descenso, y el presidente, cuya relaci\u00f3n con el t\u00e9cnico no era precisamente amistosa, procedi\u00f3 a su despido. Una d\u00e9cada despu\u00e9s, Agapito Iglesias le recuper\u00f3 como estandarte de un proyecto manipulado por los pol\u00edticos de acento socialista y por el propio empresario, af\u00edn a esa maniobra hasta que se independiz\u00f3 de sus interesados benefactores para lucrarse del club y arruinarlo hasta el tu\u00e9tano. Con un plantilla muy cara se consigui\u00f3 una plaza para la UEFA no sin sufrir hasta la \u00faltima bala (que no fue gratis) en Huelva. Con el equipo m\u00e1s costoso de la historia de la entidad, a dos puntos de un descenso que se har\u00eda inevitable pese a sus sucesores, Garitano, Irureta y Villanova, el entrenador zaragozano recibi\u00f3 la carta del cese. En su segundo adi\u00f3s, dijo: \u00abNo volver\u00e9 como entrenador porque supone un desgaste tremendo, s\u00f3lo lo har\u00eda como director general o como presidente\u00bb. V\u00edctor se marchaba muy dolido en su primera experiencia posREcopa en el Real Zaragoza. S\u00ed volvi\u00f3 al banquillo en 2018, esta vez en Segunda, en una misi\u00f3n de apurado rescate desde la antepen\u00faltima posici\u00f3n que resolvi\u00f3 con profesionalidad. Por todo lo contrario, por desatender el oficio, se le fue de las manos el ascenso directo el curso de la pandemia y tambi\u00e9n, a las primeras de cambio, el playoff con el Elche.<\/p>\n<p>Ahora ha asumido un nuevo reto que se le ha complicado como jam\u00e1s hab\u00eda imaginado. En los diez encuentros que lleva al mando y a falta de dos para el final de la competici\u00f3n, a\u00fan no se ha confirmado la permanencia. El duende de V\u00edctor Fern\u00e1ndez con el Real Zaragoza y viceversa, un incuestionable hermoso cap\u00edtulo, se esfum\u00f3 en el minuto 119 de la final de Par\u00eds. Una sofocante clasificaci\u00f3n europea y una dolorosa promoci\u00f3n de ascenso. Ha cumplido con una salvaci\u00f3n y est\u00e1 pendiente de otra&#8230; En parte su figura comparte la terrible din\u00e1mica de desgaste de la entidad. \u00abYo no vine por gloria ni por dinero\u00bb, ha comentado esta ma\u00f1ana. Con Agapito no sali\u00f3 pobre del finiquito, y tampoco lo har\u00e1 gratis en este periodo cobre como se cobre el contrato que tiene hasta 2025. Nadie cuestiona su zaragocismo, y tampoco que nunca ocupar\u00e1 el primer caj\u00f3n del podio de los altruistas. El tama\u00f1o de la gloria lo mide cada uno en funci\u00f3n de sus objetivos o sus espejismos. Sin embargo, los n\u00fameros, que por lo general son bastante m\u00e1s fiables y certeros &#8211;cuando no una l\u00e1pida&#8211; que las sensaciones, hablan de un Real Zaragoza paup\u00e9rrimo con el V\u00edctor Fern\u00e1ndez que ha dirigido al equipo en cinco oportunidades desde la era Agapito.<\/p>\n<p>Un entrenador ganador se ha visto destronado de la victoria. En los 134 partidos de Liga de estas tres etapas, s\u00f3lo ha ganado 50, para empatar 39. Un total de 189 puntos de 402 posibles entre Primera y Segunda, es decir un 47% del bot\u00edn en juego. No hay justicia ni injusticia en estos guarismos que se pueden intentar interpretar y explicar acudiendo a muchas teor\u00edas, circunstancias y situaciones. El gran legado de V\u00edctor Fern\u00e1ndez desde 2006 ha sido su carisma, impulsado por el trampol\u00edn de la Recopa como ep\u00edlogo de cuatro temporadas de ensue\u00f1o y rebozado por ese periodismo de ca\u00f1a con mucha espuma, ebrio de una batalla perdida, la del pasado como argumento del todo vale. Como entrenador, su herencia est\u00e1 vac\u00eda de prodigios y colmada de muchas amarguras. 184 goles marcados y 154 recibidos en esas 134 jornadas en la \u00e9lite y en las cloacas. Por la mirilla de la preocupaci\u00f3n se ve al Racing y al Albacete. Hace mucho que los dioses se confunden en la tierra como simples mortales invertebrados.<\/p>\n","protected":false},"excerpt":{"rendered":"<p>Las tres aventuras del t\u00e9cnico en el club despu\u00e9s del t\u00edtulo continental del Real Zaragoza en 1995, con dos cursos en Primera y tres en Segunda, arrojan unas cifras pobres en su totalidad La leyenda de V\u00edctor Fern\u00e1ndez en el Real Zaragoza se ci\u00f1e exclusivamente al primer lustro de los <a class=\"read-more\" href=\"https:\/\/principesdeparis.es\/principes\/189-puntos-de-402-posibles-el-legado-del-victor-posrecopa\/\">Sigue leyendo<\/a><\/p>\n","protected":false},"author":2,"featured_media":15304,"comment_status":"open","ping_status":"open","sticky":false,"template":"","format":"standard","meta":{"footnotes":""},"categories":[13,1],"tags":[],"class_list":["post-15303","post","type-post","status-publish","format-standard","has-post-thumbnail","hentry","category-publicidad","category-real-zaragoza"],"_links":{"self":[{"href":"https:\/\/principesdeparis.es\/principes\/wp-json\/wp\/v2\/posts\/15303","targetHints":{"allow":["GET"]}}],"collection":[{"href":"https:\/\/principesdeparis.es\/principes\/wp-json\/wp\/v2\/posts"}],"about":[{"href":"https:\/\/principesdeparis.es\/principes\/wp-json\/wp\/v2\/types\/post"}],"author":[{"embeddable":true,"href":"https:\/\/principesdeparis.es\/principes\/wp-json\/wp\/v2\/users\/2"}],"replies":[{"embeddable":true,"href":"https:\/\/principesdeparis.es\/principes\/wp-json\/wp\/v2\/comments?post=15303"}],"version-history":[{"count":7,"href":"https:\/\/principesdeparis.es\/principes\/wp-json\/wp\/v2\/posts\/15303\/revisions"}],"predecessor-version":[{"id":15311,"href":"https:\/\/principesdeparis.es\/principes\/wp-json\/wp\/v2\/posts\/15303\/revisions\/15311"}],"wp:featuredmedia":[{"embeddable":true,"href":"https:\/\/principesdeparis.es\/principes\/wp-json\/wp\/v2\/media\/15304"}],"wp:attachment":[{"href":"https:\/\/principesdeparis.es\/principes\/wp-json\/wp\/v2\/media?parent=15303"}],"wp:term":[{"taxonomy":"category","embeddable":true,"href":"https:\/\/principesdeparis.es\/principes\/wp-json\/wp\/v2\/categories?post=15303"},{"taxonomy":"post_tag","embeddable":true,"href":"https:\/\/principesdeparis.es\/principes\/wp-json\/wp\/v2\/tags?post=15303"}],"curies":[{"name":"wp","href":"https:\/\/api.w.org\/{rel}","templated":true}]}}