{"id":15353,"date":"2024-05-29T15:28:33","date_gmt":"2024-05-29T15:28:33","guid":{"rendered":"https:\/\/principesdeparis.es\/principes\/?p=15353"},"modified":"2024-05-29T15:28:33","modified_gmt":"2024-05-29T15:28:33","slug":"en-el-fondo-el-ascenso-esta-en-el-fondo","status":"publish","type":"post","link":"https:\/\/principesdeparis.es\/principes\/en-el-fondo-el-ascenso-esta-en-el-fondo\/","title":{"rendered":"En el fondo, el ascenso est\u00e1 en el fondo"},"content":{"rendered":"<p style=\"text-align: center;\"><em><strong>V\u00edctor Fern\u00e1ndez ha sido sacramentado para congregar a los dirigentes y a la afici\u00f3n alrededor de su figura para un salto inmediato a Primera, pero el gran sacerdote de este ritual es la propiedad<\/strong><\/em><\/p>\n<p>La palabra ascenso, aun con una jornada todav\u00eda por disputarse y una temporada funesta por detr\u00e1s, serpentea la ciudad y la ilusi\u00f3n de gran parte del zaragocismo, v\u00edctima propiciatoria para creer cualquier mensaje que le anuncie el fin a doce a\u00f1os de hambruna en Segunda. La palabra siempre perfumada de V\u00edctor Fern\u00e1ndez, aunque en realidad se alimente de un contenido que todo aficionado se sabe de carrerilla en cuanto a cu\u00e1les son las claves para salir de este t\u00fanel, ha sido sacramentada en esta ocasi\u00f3n para congregar a dirigentes, seguidores y prensa con el objetivo de que el salto a Primera se produzca el pr\u00f3ximo curso. Su figura ha tenido un efecto hipn\u00f3tico pese a que ha cumplido a duras penas con su trabajo, una atracci\u00f3n arraigada en la colosal fuerza cautivadora de la leyenda que le acompa\u00f1a y en su forma de recordarla. Muy pocos dudan, sobre todo sus insistentes bi\u00f3grafos, de que s\u00f3lo \u00e9l esta capacitado y legitimado para evangelizar sobre la tierra prometida que quiere construir. El frenes\u00ed es digno de estudio social, un contexto con connotaciones de movimientos que han seguido a l\u00edderes de primer orden al margen de sus intenciones. Quien no est\u00e1 ungido por esa visi\u00f3n del renacimiento del Real Zaragoza, autom\u00e1ticamente es desplazado a la casta de los parias. No se puede negar que V\u00edctor tiene duende. Nunca lo ha perdido en La Romareda, y aunque insista en que la gloria y los m\u00e9ritos le sobran, la celebridad le seduce sin cuestionar que en paralelo persiga la felicidad de sus feligreses. Como es un ganador aunque hace tiempo que los laureles no le sobran, es cierto que posee una de las llaves, no todas, para conseguir arrancar Exc\u00e1libur de la piedra.<\/p>\n<p>La pr\u00f3xima semana se decidir\u00e1n muchas cosas, lo que puede implicar una revoluci\u00f3n o una involuci\u00f3n. El voraz apetito del entrenador por contar con el mejor equipo posible se va a enfrentar a quien, en el fondo, gobierna el Real Zaragoza desde todas sus atalayas, ese fondo de inversi\u00f3n cuyo latido es exclusivamente financiero. El pulso se est\u00e1 produciendo antes de que se sienten en la mesa negociadora: mientras por un lado se anuncian futbolistas sin\u00e9rgicos, por otro aparecen nombres de jugadores con mucho gancho emocional. Y Juan Carlos Cordero en medio, sin \u00e1nimo alguno de abandonar su cargo y con Ra\u00fal Sanlleh\u00ed intentando convencerle de que har\u00e1 migas con V\u00edctor, una sociedad limitada a corto-medio plazo. De la plantilla apenas son rescatables diez futbolistas para un proyecto de elevada ambici\u00f3n, siete de ellos canteranos y no todos con cartel de titulares, y dos porteros. La considerable n\u00f3mina de jugadores con contrato no deseados plantea un escenario de enorme complejidad, y la segura venta de Alejandro Franc\u00e9s agiganta los cimientos de un una reestructuraci\u00f3n en la que cedidos como Bad\u00eda y Guti deber\u00edan ser captados otra vez. El mapa pretendido por V\u00edctor dibuja un nuevo mundo, y nada barato si adem\u00e1s, como procede, se ficha un buen pu\u00f1ado de profesionales de alto rango que acaudillen el equipo hacia lo m\u00e1s alto de la clasificaci\u00f3n. La operaci\u00f3n es a coraz\u00f3n abierto entre un esp\u00edritu libre, el del t\u00e9cnico aragon\u00e9s, y subordinados del imperio del d\u00f3lar como Sanlleh\u00ed, Aguilar y Cruz. La papeleta de Cordero es la m\u00e1s comprometida, con el director deportivo paseando por un cable expuesto a los peligros del menor cortocircuito.<\/p>\n<p>El verano ha adelantado a la marchita primavera de este fin de campa\u00f1a porque V\u00edctor Fern\u00e1ndez, despu\u00e9s de calmar a las fieras, las ha estimulado con una paseo por las consecuencias de un infierno del que parece olvidar que tambi\u00e9n ha formado parte. Este episodio de espera para saber si el t\u00e9cnico acepta o no seguir en el banquillo no deja de tener una fuerte tonalidad surrealista, sin nada por concretarse y el aire cargado de ilusiones e inquietudes. En teor\u00eda, habr\u00e1 fumata blanca si el grupo inversor le concede lo m\u00e1s pr\u00f3ximo a un absolutismo reformador. Si lo consigue con una apuesta econ\u00f3mica de enjundia que no se ha dado hasta el momento, el Real Zaragoza pasar\u00e1 a otra dimensi\u00f3n, m\u00e1s cercana al \u00e9xito por la pura l\u00f3gica del peso de las monedas. La cuesti\u00f3n es descubrir si V\u00edctor tambi\u00e9n es capaz de tocar la fibra de hielo de todos esos personajes intermedios entre el club y los verdaderos due\u00f1os, incapaces de situar al equipo en el atlas de sus m\u00faltiples negocios.<\/p>\n<p><em>Foto Real Zaragoza<\/em><\/p>\n","protected":false},"excerpt":{"rendered":"<p>V\u00edctor Fern\u00e1ndez ha sido sacramentado para congregar a los dirigentes y a la afici\u00f3n alrededor de su figura para un salto inmediato a Primera, pero el gran sacerdote de este ritual es la propiedad La palabra ascenso, aun con una jornada todav\u00eda por disputarse y una temporada funesta por detr\u00e1s, <a class=\"read-more\" href=\"https:\/\/principesdeparis.es\/principes\/en-el-fondo-el-ascenso-esta-en-el-fondo\/\">Sigue leyendo<\/a><\/p>\n","protected":false},"author":2,"featured_media":15354,"comment_status":"open","ping_status":"open","sticky":false,"template":"","format":"standard","meta":{"footnotes":""},"categories":[13,1],"tags":[],"class_list":["post-15353","post","type-post","status-publish","format-standard","has-post-thumbnail","hentry","category-publicidad","category-real-zaragoza"],"_links":{"self":[{"href":"https:\/\/principesdeparis.es\/principes\/wp-json\/wp\/v2\/posts\/15353","targetHints":{"allow":["GET"]}}],"collection":[{"href":"https:\/\/principesdeparis.es\/principes\/wp-json\/wp\/v2\/posts"}],"about":[{"href":"https:\/\/principesdeparis.es\/principes\/wp-json\/wp\/v2\/types\/post"}],"author":[{"embeddable":true,"href":"https:\/\/principesdeparis.es\/principes\/wp-json\/wp\/v2\/users\/2"}],"replies":[{"embeddable":true,"href":"https:\/\/principesdeparis.es\/principes\/wp-json\/wp\/v2\/comments?post=15353"}],"version-history":[{"count":1,"href":"https:\/\/principesdeparis.es\/principes\/wp-json\/wp\/v2\/posts\/15353\/revisions"}],"predecessor-version":[{"id":15355,"href":"https:\/\/principesdeparis.es\/principes\/wp-json\/wp\/v2\/posts\/15353\/revisions\/15355"}],"wp:featuredmedia":[{"embeddable":true,"href":"https:\/\/principesdeparis.es\/principes\/wp-json\/wp\/v2\/media\/15354"}],"wp:attachment":[{"href":"https:\/\/principesdeparis.es\/principes\/wp-json\/wp\/v2\/media?parent=15353"}],"wp:term":[{"taxonomy":"category","embeddable":true,"href":"https:\/\/principesdeparis.es\/principes\/wp-json\/wp\/v2\/categories?post=15353"},{"taxonomy":"post_tag","embeddable":true,"href":"https:\/\/principesdeparis.es\/principes\/wp-json\/wp\/v2\/tags?post=15353"}],"curies":[{"name":"wp","href":"https:\/\/api.w.org\/{rel}","templated":true}]}}