{"id":15356,"date":"2024-05-30T06:36:35","date_gmt":"2024-05-30T06:36:35","guid":{"rendered":"https:\/\/principesdeparis.es\/principes\/?p=15356"},"modified":"2024-05-30T06:36:35","modified_gmt":"2024-05-30T06:36:35","slug":"el-vacio-y-el-silencio-de-un-lugar-magico","status":"publish","type":"post","link":"https:\/\/principesdeparis.es\/principes\/el-vacio-y-el-silencio-de-un-lugar-magico\/","title":{"rendered":"El vac\u00edo y el silencio de un lugar m\u00e1gico"},"content":{"rendered":"<p>El pasado s\u00e1bado disfrut\u00e9 de una tarde festiva como hac\u00eda mucho tiempo y antes de pasear por el Parque Grande camin\u00e9 alrededor de La Romareda para recordarla antes de su derribo. Observ\u00e9 con atenci\u00f3n la parte antigua, con el gigantesco techo del estadio, las remodelaciones del Mundial 82 y los Juegos de Barcelona 92, el espantoso edificio en ruinas de la antigua gerencia de urbanismo y el cubo azul que lamentablemente no ha servido para nada. El coliseo zaragozano se levant\u00f3 dos a\u00f1os antes de que yo naciese pero est\u00e1 dentro de mi desde cr\u00edo; ten\u00eda seis a\u00f1os cuando acompa\u00f1\u00e9 a mi padre y me sent\u00f3 al lado de Manolo Mu\u00f1oz, comentarista deportivo de Radio Zaragoza, que me fue dando a conocer lo que era el f\u00fatbol y su entorno. Gan\u00f3 el Real Zaragoza de los \u00abMagn\u00edficos\u00bb y recuerdo que uno de los goles lo marc\u00f3 Santos de penalti. En la antigua cabina di mi primera cr\u00f3nica de un partido de Copa que solvent\u00f3 el equipo aragon\u00e9s ampliamente a trav\u00e9s de un tel\u00e9fono de magneto con l\u00ednea directa a los estudios de la radio tras \u00abel parte\u00bb de RNE por la noche. Despu\u00e9s lleg\u00f3 el Mundial y las conexiones con la SER, la liga y la Copa, mi presencia en Carrusel Deportivo antes de la llegada de Pepe Domingo Casta\u00f1o, los Juegos Ol\u00edmpicos de 1992 y desde entonces hasta 2019 que transmit\u00ed en la Romareda al Real Zaragoza mi \u00faltimo partido. No he vuelto a entrar por voluntad propia porque, para m\u00ed, el f\u00fatbol no es un entretenimiento sino la comunicaci\u00f3n con los oyentes y el trabajo colectivo a la hora de crear un espect\u00e1culo radiof\u00f3nico.<\/p>\n<p>El domingo se disputa un encuentro intrascendente, no pod\u00eda ser de otra manera despu\u00e9s del fracaso de los \u00faltimos a\u00f1os. A las nueve de la noche, con la gente cansada y menos p\u00fablico. Sin un presidente en el palco, con un entrenador que a\u00fan debe decidir si contin\u00faa o no, adem\u00e1s de un irregular elenco de futbolistas a los que habr\u00e1 que dejar salir. Y con el imbatible Ra\u00fal Sanlleh\u00ed o el derrotado Juan Carlos Cordero cuyo futuro espero que se conozca pronto. El p\u00fablico se ir\u00e1, las luces se apagar\u00e1n y solamente quedar\u00e1 el enorme vac\u00edo y silencio de un lugar que lleg\u00f3 a ser m\u00e1gico.<\/p>\n","protected":false},"excerpt":{"rendered":"<p>El pasado s\u00e1bado disfrut\u00e9 de una tarde festiva como hac\u00eda mucho tiempo y antes de pasear por el Parque Grande camin\u00e9 alrededor de La Romareda para recordarla antes de su derribo. Observ\u00e9 con atenci\u00f3n la parte antigua, con el gigantesco techo del estadio, las remodelaciones del Mundial 82 y los <a class=\"read-more\" href=\"https:\/\/principesdeparis.es\/principes\/el-vacio-y-el-silencio-de-un-lugar-magico\/\">Sigue leyendo<\/a><\/p>\n","protected":false},"author":3,"featured_media":15297,"comment_status":"open","ping_status":"open","sticky":false,"template":"","format":"standard","meta":{"footnotes":""},"categories":[16,13],"tags":[],"class_list":["post-15356","post","type-post","status-publish","format-standard","has-post-thumbnail","hentry","category-el10","category-publicidad"],"_links":{"self":[{"href":"https:\/\/principesdeparis.es\/principes\/wp-json\/wp\/v2\/posts\/15356","targetHints":{"allow":["GET"]}}],"collection":[{"href":"https:\/\/principesdeparis.es\/principes\/wp-json\/wp\/v2\/posts"}],"about":[{"href":"https:\/\/principesdeparis.es\/principes\/wp-json\/wp\/v2\/types\/post"}],"author":[{"embeddable":true,"href":"https:\/\/principesdeparis.es\/principes\/wp-json\/wp\/v2\/users\/3"}],"replies":[{"embeddable":true,"href":"https:\/\/principesdeparis.es\/principes\/wp-json\/wp\/v2\/comments?post=15356"}],"version-history":[{"count":1,"href":"https:\/\/principesdeparis.es\/principes\/wp-json\/wp\/v2\/posts\/15356\/revisions"}],"predecessor-version":[{"id":15357,"href":"https:\/\/principesdeparis.es\/principes\/wp-json\/wp\/v2\/posts\/15356\/revisions\/15357"}],"wp:featuredmedia":[{"embeddable":true,"href":"https:\/\/principesdeparis.es\/principes\/wp-json\/wp\/v2\/media\/15297"}],"wp:attachment":[{"href":"https:\/\/principesdeparis.es\/principes\/wp-json\/wp\/v2\/media?parent=15356"}],"wp:term":[{"taxonomy":"category","embeddable":true,"href":"https:\/\/principesdeparis.es\/principes\/wp-json\/wp\/v2\/categories?post=15356"},{"taxonomy":"post_tag","embeddable":true,"href":"https:\/\/principesdeparis.es\/principes\/wp-json\/wp\/v2\/tags?post=15356"}],"curies":[{"name":"wp","href":"https:\/\/api.w.org\/{rel}","templated":true}]}}