{"id":15358,"date":"2024-05-31T08:22:01","date_gmt":"2024-05-31T08:22:01","guid":{"rendered":"https:\/\/principesdeparis.es\/principes\/?p=15358"},"modified":"2024-05-31T08:22:01","modified_gmt":"2024-05-31T08:22:01","slug":"victor-fernandez-quizas-soy-un-poco-loco-pero-estoy-ilusionado","status":"publish","type":"post","link":"https:\/\/principesdeparis.es\/principes\/victor-fernandez-quizas-soy-un-poco-loco-pero-estoy-ilusionado\/","title":{"rendered":"V\u00edctor Fern\u00e1ndez: \u00abQuiz\u00e1s soy un poco loco, pero estoy ilusionado\u00bb"},"content":{"rendered":"<p><strong>Nuevo proyecto:<\/strong> \u00abEl ayer y el ma\u00f1ana no sirven para nada, pero voy a dar alguna pincelada sin dejar titulares. El proceso contin\u00faa y no est\u00e1 est\u00e1tico. Estoy en comunicaci\u00f3n permanente con la directiva y la semana que viene se acelerar\u00e1 todo. Yo tengo contrato y os respondo. Luego habr\u00e1 matizaciones. Sigue siendo un proyecto muy ambicioso en busca de ese renacer para tocar el playoff y ascender\u00bb.<\/p>\n<p><strong>Su situaci\u00f3n personal:<\/strong> \u00abYo soy quiz\u00e1s un poco loco y estoy ilusionado, pero nos debemos embarcar todos en may\u00fasculas. Necesitamos la ayuda de todos, no s\u00f3lo del entrenador. Esforz\u00e1ndonos todos tendremos m\u00e1s posibilidades de \u00e9xito. Desde la humildad, con autocr\u00edtica para mejorar, y la ambici\u00f3n porque detr\u00e1s de nosotros hay muchos a\u00f1os de decepciones. En este momento somos un equipo de Segunda con categor\u00eda de Primera. El 75% del \u00e9xito en Segunda depende de una extraordinaria gesti\u00f3n deportiva que pasa por acertar en el 80% de las adquisiciones, tener un buen t\u00e9cnico&#8230;\u00bb.<\/p>\n<p><strong>Su peso en el proyecto:<\/strong> \u00abNo depende de m\u00ed. En todas las empresas los tiempos los marcan los due\u00f1os, los propietarios. Yo puedo orientar. Soy consiente de que se acelerar\u00e1n muchas cosas la pr\u00f3xima semana. Si sabemos c\u00f3mo actuar ante ese objetivo, el dise\u00f1o de la estrategia es fundamental. A lo mejor ahora es diferente a hace cuatro a\u00f1os. Son muchas cosas que hay que concretar\u00bb.<\/p>\n<p><strong>Puesto de m\u00e1nager:<\/strong> \u00abMi contrato b\u00e1sicamente es ser entrenador. Tener la oportunidad de luchar por un objetivo que parece inalcanzable pero no lo es. Yo hice el contrato con es posibilidad pero soy entrenador, y donde m\u00e1s puedo aportar al Real Zaragoza es de entrenador\u00bb.<\/p>\n<p><strong>La f\u00f3rmula:<\/strong> \u00abUno, cuando asume un proyecto con tantas miradas por cantidad de socios y seguidores, no puede hacerlo desde el sentimiento, sino ser fr\u00edo, cerebral, buscar lo mejor para el equipo. Cuando tomas esas decisiones llevan consigo temas m\u00e1s dolorosos sobre determinados zaragocistas. Hay que ser riguroso con las decisiones y no dejarnos llevar por el coraz\u00f3n. No tenemos el mismo dinero o el atractivo de hace a\u00f1os porque todo se degrada. Tenemos que vender un viaje atractivo para todos.\u00bb<\/p>\n<p><strong>Ander Herrera:<\/strong> \u00abNo es un jugador m\u00edo, del Real Zaragoza. Ser\u00eda un jugador de un nivel alt\u00edsimo para nosotros y con un gran pasi\u00f3n zaragocista. Con liderazgo, pero no s\u00e9 c\u00f3mo est\u00e1 la situaci\u00f3n entre el club y el chico\u00bb.<\/p>\n<p><strong>Albacete sin rotaciones:<\/strong> \u00abYo quiero ganar. Habr\u00e1 alg\u00fan cambio, pero tenemos que terminar bien. El equipo ha recuperado la vida y es para estar contento, pero no podemos estar satisfechos s\u00f3lo con salvarla. Uno de los objetivos es terminar el domingo ganado ganando. No creo que haya muchos cambios\u00bb.<\/p>\n<p><strong>Franc\u00e9s: <\/strong>\u00abEl que no quiera estar que no est\u00e9 ni un segundo, no interesa. Adi\u00f3s, un abrazo y tan contentos. En la conversaci\u00f3n con Franc\u00e9s era de f\u00fatbol en referencia a la sub 21 y las Olimpiadas. No hablamos de su futuro. Es el mejor jugador del Real Zaragoza. Conmigo lo he visto mucho m\u00e1s brillante, se ha visto el mejor Franc\u00e9s de la temporada. Asumiendo todo. Es vital para el Real Zaragoza, pero tienen que estar los que est\u00e9n comprometidos para ayudar\u00bb.<\/p>\n<p><strong>Adi\u00f3s a parte de La Romareda:<\/strong> \u00abTenemos la obligaci\u00f3n de dar un buen espect\u00e1culo y lograr un buen resultado. Despedirnos de un estadio que deja un trozo de historia con la desaparici\u00f3n del Gol Sur. Un partido con una carga emocional. Al\u00ed estaba yo de cr\u00edo&#8230; Se nos va una parte de esa m\u00edstica. A ver si somos capaces de corresponder con respeto a esa parte de la historia de un estadio que se va\u00bb.<\/p>\n<p>&nbsp;<\/p>\n","protected":false},"excerpt":{"rendered":"<p>Nuevo proyecto: \u00abEl ayer y el ma\u00f1ana no sirven para nada, pero voy a dar alguna pincelada sin dejar titulares. El proceso contin\u00faa y no est\u00e1 est\u00e1tico. Estoy en comunicaci\u00f3n permanente con la directiva y la semana que viene se acelerar\u00e1 todo. Yo tengo contrato y os respondo. Luego habr\u00e1 <a class=\"read-more\" href=\"https:\/\/principesdeparis.es\/principes\/victor-fernandez-quizas-soy-un-poco-loco-pero-estoy-ilusionado\/\">Sigue leyendo<\/a><\/p>\n","protected":false},"author":2,"featured_media":15359,"comment_status":"open","ping_status":"open","sticky":false,"template":"","format":"standard","meta":{"footnotes":""},"categories":[13,1],"tags":[],"class_list":["post-15358","post","type-post","status-publish","format-standard","has-post-thumbnail","hentry","category-publicidad","category-real-zaragoza"],"_links":{"self":[{"href":"https:\/\/principesdeparis.es\/principes\/wp-json\/wp\/v2\/posts\/15358","targetHints":{"allow":["GET"]}}],"collection":[{"href":"https:\/\/principesdeparis.es\/principes\/wp-json\/wp\/v2\/posts"}],"about":[{"href":"https:\/\/principesdeparis.es\/principes\/wp-json\/wp\/v2\/types\/post"}],"author":[{"embeddable":true,"href":"https:\/\/principesdeparis.es\/principes\/wp-json\/wp\/v2\/users\/2"}],"replies":[{"embeddable":true,"href":"https:\/\/principesdeparis.es\/principes\/wp-json\/wp\/v2\/comments?post=15358"}],"version-history":[{"count":2,"href":"https:\/\/principesdeparis.es\/principes\/wp-json\/wp\/v2\/posts\/15358\/revisions"}],"predecessor-version":[{"id":15361,"href":"https:\/\/principesdeparis.es\/principes\/wp-json\/wp\/v2\/posts\/15358\/revisions\/15361"}],"wp:featuredmedia":[{"embeddable":true,"href":"https:\/\/principesdeparis.es\/principes\/wp-json\/wp\/v2\/media\/15359"}],"wp:attachment":[{"href":"https:\/\/principesdeparis.es\/principes\/wp-json\/wp\/v2\/media?parent=15358"}],"wp:term":[{"taxonomy":"category","embeddable":true,"href":"https:\/\/principesdeparis.es\/principes\/wp-json\/wp\/v2\/categories?post=15358"},{"taxonomy":"post_tag","embeddable":true,"href":"https:\/\/principesdeparis.es\/principes\/wp-json\/wp\/v2\/tags?post=15358"}],"curies":[{"name":"wp","href":"https:\/\/api.w.org\/{rel}","templated":true}]}}