{"id":15362,"date":"2024-05-31T09:24:12","date_gmt":"2024-05-31T09:24:12","guid":{"rendered":"https:\/\/principesdeparis.es\/principes\/?p=15362"},"modified":"2024-05-31T09:24:12","modified_gmt":"2024-05-31T09:24:12","slug":"victor-despide-a-frances-y-recibe-a-ander","status":"publish","type":"post","link":"https:\/\/principesdeparis.es\/principes\/victor-despide-a-frances-y-recibe-a-ander\/","title":{"rendered":"V\u00edctor &#8216;despide&#8217; a Franc\u00e9s y &#8216;recibe&#8217; a Ander"},"content":{"rendered":"<p style=\"text-align: center;\"><em><strong>El t\u00e9cnico no despeja la duda sobre el futuro de ambos, pero en referencia el central dice que no le interesa \u00abquien no quiera estar\u00bb y del centrocampista apunta que \u00abdar\u00eda un nivel alt\u00edsimo\u00bb<\/strong><\/em><\/p>\n<p>Sin bajar en exceso la temperatura, V\u00edctor Fern\u00e1ndez s\u00ed se mostr\u00f3 fr\u00edo con el futuro de Alejandro Franc\u00e9s. El central finaliza contrato en 2025, pero su dimensi\u00f3n futbol\u00edstica es de un nivel superior y su salida del Real Zaragoza se da por hecha despu\u00e9s de que el jugador firmara su \u00faltima renovaci\u00f3n bajo esta condici\u00f3n si no se produc\u00eda el ascenso. \u00abEl que no quiera estar que no est\u00e9 ni un segundo, no interesa. Adi\u00f3s, un abrazo y tan contentos\u00bb. El entrenador fue directo al grano, sabiendo que las opciones de convencer al defensa para se comprometa m\u00e1s tiempo son imposibles. \u00abEs el mejor jugador del Real Zaragoza. Conmigo lo he visto mucho m\u00e1s brillante, se ha visto el mejor Franc\u00e9s de la temporada. Asumiendo todo tipo de responsabilidades, tambi\u00e9n en la salida del bal\u00f3n. Es vital para el Real Zaragoza, pero tienen que estar los que est\u00e9n comprometidos para ayudar\u00bb, sentenci\u00f3 en lo que se asemeja mucho a un ep\u00edlogo. \u00abLa conversaci\u00f3n que mantuvimos ayer no tiene nada que ver con su futuro. Fue futbolera, en relaci\u00f3n a la sub 21 y los Juegos Ol\u00edmpicos\u00bb, aclar\u00f3.<\/p>\n<p>Del inter\u00e9s por ahora bastante comedido a nivel p\u00fablico del club por Ander Herrera, quien se debate entre la oferta de renovaci\u00f3n del Athletic por la tardanza del conjunto aragon\u00e9s en sincerarse sobre su posici\u00f3n al respecto y su deseo de regresar al Real Zaragoza, V\u00edctor estableci\u00f3 una prudencial distancia entre lo que ha sugerido durante estos d\u00edas a los directivos y una negociaci\u00f3n que apenas ha existido. Con todo, le abre los brazos de par en par. \u00abSer\u00eda un jugador de un nivel alt\u00edsimo para nosotros y con un gran pasi\u00f3n zaragocista. Con liderazgo, pero no s\u00e9 c\u00f3mo est\u00e1 la situaci\u00f3n entre el club y el chico\u00bb.<\/p>\n","protected":false},"excerpt":{"rendered":"<p>El t\u00e9cnico no despeja la duda sobre el futuro de ambos, pero en referencia el central dice que no le interesa \u00abquien no quiera estar\u00bb y del centrocampista apunta que \u00abdar\u00eda un nivel alt\u00edsimo\u00bb Sin bajar en exceso la temperatura, V\u00edctor Fern\u00e1ndez s\u00ed se mostr\u00f3 fr\u00edo con el futuro de <a class=\"read-more\" href=\"https:\/\/principesdeparis.es\/principes\/victor-despide-a-frances-y-recibe-a-ander\/\">Sigue leyendo<\/a><\/p>\n","protected":false},"author":2,"featured_media":15363,"comment_status":"open","ping_status":"open","sticky":false,"template":"","format":"standard","meta":{"footnotes":""},"categories":[13,1],"tags":[],"class_list":["post-15362","post","type-post","status-publish","format-standard","has-post-thumbnail","hentry","category-publicidad","category-real-zaragoza"],"_links":{"self":[{"href":"https:\/\/principesdeparis.es\/principes\/wp-json\/wp\/v2\/posts\/15362","targetHints":{"allow":["GET"]}}],"collection":[{"href":"https:\/\/principesdeparis.es\/principes\/wp-json\/wp\/v2\/posts"}],"about":[{"href":"https:\/\/principesdeparis.es\/principes\/wp-json\/wp\/v2\/types\/post"}],"author":[{"embeddable":true,"href":"https:\/\/principesdeparis.es\/principes\/wp-json\/wp\/v2\/users\/2"}],"replies":[{"embeddable":true,"href":"https:\/\/principesdeparis.es\/principes\/wp-json\/wp\/v2\/comments?post=15362"}],"version-history":[{"count":1,"href":"https:\/\/principesdeparis.es\/principes\/wp-json\/wp\/v2\/posts\/15362\/revisions"}],"predecessor-version":[{"id":15364,"href":"https:\/\/principesdeparis.es\/principes\/wp-json\/wp\/v2\/posts\/15362\/revisions\/15364"}],"wp:featuredmedia":[{"embeddable":true,"href":"https:\/\/principesdeparis.es\/principes\/wp-json\/wp\/v2\/media\/15363"}],"wp:attachment":[{"href":"https:\/\/principesdeparis.es\/principes\/wp-json\/wp\/v2\/media?parent=15362"}],"wp:term":[{"taxonomy":"category","embeddable":true,"href":"https:\/\/principesdeparis.es\/principes\/wp-json\/wp\/v2\/categories?post=15362"},{"taxonomy":"post_tag","embeddable":true,"href":"https:\/\/principesdeparis.es\/principes\/wp-json\/wp\/v2\/tags?post=15362"}],"curies":[{"name":"wp","href":"https:\/\/api.w.org\/{rel}","templated":true}]}}