{"id":15369,"date":"2024-06-01T15:54:31","date_gmt":"2024-06-01T15:54:31","guid":{"rendered":"https:\/\/principesdeparis.es\/principes\/?p=15369"},"modified":"2024-06-01T15:56:17","modified_gmt":"2024-06-01T15:56:17","slug":"ander-herrera-sera-el-amo-en-el-real-zaragoza","status":"publish","type":"post","link":"https:\/\/principesdeparis.es\/principes\/ander-herrera-sera-el-amo-en-el-real-zaragoza\/","title":{"rendered":"\u00abAnder Herrera ser\u00e1 el amo en el Real Zaragoza\u00bb"},"content":{"rendered":"<p style=\"text-align: center;\"><em><strong>Jon Rivas, redactor de El Pa\u00eds que cubre la informaci\u00f3n del Athletic, contempla al centrocampista como \u00abun lujo\u00bb para el equipo aragon\u00e9s. \u00abSu clase y su liderazgo son de rango superior\u00bb. \u00abEso s\u00ed, le tienen que respetar las lesiones\u00bb<\/strong><\/em><\/p>\n<p>Jon Rivas es redactor de El Pa\u00eds en Bilbao y al hablar de la trayectoria de Ander Herrara en el Athletic antes y despu\u00e9s de sus aventuras en Manchester y Paris, no disimula su admiraci\u00f3n por el futbolista. El centrocampista tiene una oferta de renovaci\u00f3n del club rojiblanco a petici\u00f3n de Ernesto Valverde, que le considera importante por su experiencia y a quien ya tent\u00f3 en su etapa en el banquillo del Bar\u00e7a, y m\u00e1s tras las salidas de Dani Garc\u00eda, Iker Muniain y Ra\u00fal Garc\u00eda, para un curso muy exigente cargado con cuatro competiciones. \u00abValverde pide poco, pero le suelen escuchar, y quiere que Ander contin\u00fae aunque deber\u00eda rebajar de forma considerable sus pretensiones econ\u00f3micas, este a\u00f1o pr\u00f3ximas a los tres millones de euros\u00bb, cuenta el periodista vasco. El futbolista, pese a todo, ha manifestado su deseo de regresar al Real Zaragoza, donde V\u00edctor Fern\u00e1ndez le espera con los brazos abiertos y el fondo de inversi\u00f3n estudia el impacto real que tendr\u00eda su fichaje en el l\u00edmite salarial, ya que su sueldo en ning\u00fan caso ser\u00eda superior a los 93.000 euros anuales, el salario m\u00ednimo. Salvo un brusco cambio de rumbo en los acontecimientos, sus caminos parecen destinados a encontrarse.<\/p>\n<p>\u00abSi al final se decide por el Real Zaragoza, porque yo creo que si duda en algo no es por dinero sino porque en el Athletic competir\u00e1 en Europa y eso le puede motivar, ser\u00e1 el amo en La Romareda\u00bb, comenta Rivas, que sigue desde hace a\u00f1os la informaci\u00f3n de los leones en el prestigioso diario. \u00abHerrera hizo un primer a\u00f1o fant\u00e1stico aqu\u00ed. Sus cualidades t\u00e9cnicas destacaban en un centro del campo al que Bielsa hizo correr como animales, junto a Susaeta, Iturraspe, Muniain y De Marcos. En su segunda temporada, m\u00e1s discreta del equipo, enamor\u00f3 a Old Trafford y al Manchester con una actuaci\u00f3n espectacular que hicieron que los diablos rojos pagaran su cl\u00e1usula de 36 millones. En la vuelta a San Mam\u00e9s esta vez como una figura reconocida en lo deportivo y en n\u00f3mina, \u00ablas lesiones le llevaron por la calle de la amargura. Vino un poco tocado del PSG y sufri\u00f3 varios problemas musculares que llegaron a desesperarle. Este ejercicio, sin embargo, ha pasado mucho menos por la enfermer\u00eda y se ha podido disfrutar de la clase que atesora\u00bb. Valverde no le ha tenido entre los titulares pero s\u00ed como pieza clave para gestionar los partidos en momentos clave o delicados. \u00abAun con esos problemas f\u00edsicos, cada vez que sale el campo, por lo general en la segunda partes, se nota una barbaridad su influencia\u00bb.<\/p>\n<p>Rivas le visualiza en el Real Zaragoza y le observa en un escalaf\u00f3n muy superior, \u00abeso s\u00ed, siempre que le respeten las lesiones. Si lo consigue, hablamos de un jugador magn\u00edfico que se le sale la calidad por todas partes. Ya no es s\u00f3lo por el f\u00fatbol que atesora, sino por la personalidad, por c\u00f3mo interpreta los encuentros\u00bb. El periodista destaca tambi\u00e9n \u00absu capacidad de comunicaci\u00f3n con sus compa\u00f1eros, su liderazgo para situarlos en el campo e indicarles lo que hay que hacer en cada momento. Si lo capta el Real Zaragoza o \u00e9l termina decant\u00e1ndose por volver a un club por el que siempre ha mostrado un tremendo respeto y cari\u00f1o, va dar muchas lecciones y alegr\u00edas en La Romareda\u00bb.<\/p>\n","protected":false},"excerpt":{"rendered":"<p>Jon Rivas, redactor de El Pa\u00eds que cubre la informaci\u00f3n del Athletic, contempla al centrocampista como \u00abun lujo\u00bb para el equipo aragon\u00e9s. \u00abSu clase y su liderazgo son de rango superior\u00bb. \u00abEso s\u00ed, le tienen que respetar las lesiones\u00bb Jon Rivas es redactor de El Pa\u00eds en Bilbao y al <a class=\"read-more\" href=\"https:\/\/principesdeparis.es\/principes\/ander-herrera-sera-el-amo-en-el-real-zaragoza\/\">Sigue leyendo<\/a><\/p>\n","protected":false},"author":2,"featured_media":15371,"comment_status":"open","ping_status":"open","sticky":false,"template":"","format":"standard","meta":{"footnotes":""},"categories":[13,1],"tags":[],"class_list":["post-15369","post","type-post","status-publish","format-standard","has-post-thumbnail","hentry","category-publicidad","category-real-zaragoza"],"_links":{"self":[{"href":"https:\/\/principesdeparis.es\/principes\/wp-json\/wp\/v2\/posts\/15369","targetHints":{"allow":["GET"]}}],"collection":[{"href":"https:\/\/principesdeparis.es\/principes\/wp-json\/wp\/v2\/posts"}],"about":[{"href":"https:\/\/principesdeparis.es\/principes\/wp-json\/wp\/v2\/types\/post"}],"author":[{"embeddable":true,"href":"https:\/\/principesdeparis.es\/principes\/wp-json\/wp\/v2\/users\/2"}],"replies":[{"embeddable":true,"href":"https:\/\/principesdeparis.es\/principes\/wp-json\/wp\/v2\/comments?post=15369"}],"version-history":[{"count":1,"href":"https:\/\/principesdeparis.es\/principes\/wp-json\/wp\/v2\/posts\/15369\/revisions"}],"predecessor-version":[{"id":15370,"href":"https:\/\/principesdeparis.es\/principes\/wp-json\/wp\/v2\/posts\/15369\/revisions\/15370"}],"wp:featuredmedia":[{"embeddable":true,"href":"https:\/\/principesdeparis.es\/principes\/wp-json\/wp\/v2\/media\/15371"}],"wp:attachment":[{"href":"https:\/\/principesdeparis.es\/principes\/wp-json\/wp\/v2\/media?parent=15369"}],"wp:term":[{"taxonomy":"category","embeddable":true,"href":"https:\/\/principesdeparis.es\/principes\/wp-json\/wp\/v2\/categories?post=15369"},{"taxonomy":"post_tag","embeddable":true,"href":"https:\/\/principesdeparis.es\/principes\/wp-json\/wp\/v2\/tags?post=15369"}],"curies":[{"name":"wp","href":"https:\/\/api.w.org\/{rel}","templated":true}]}}