{"id":15372,"date":"2024-06-01T17:31:04","date_gmt":"2024-06-01T17:31:04","guid":{"rendered":"https:\/\/principesdeparis.es\/principes\/?p=15372"},"modified":"2024-06-02T17:07:33","modified_gmt":"2024-06-02T17:07:33","slug":"adios-temporada-adios-gol-sur","status":"publish","type":"post","link":"https:\/\/principesdeparis.es\/principes\/adios-temporada-adios-gol-sur\/","title":{"rendered":"\u00ab\u00a1Adi\u00f3s temporada!\u00bb, \u00ab\u00a1adi\u00f3s Gol Sur!\u00bb"},"content":{"rendered":"<p style=\"text-align: center;\"><em><strong>El club utiliza todo su arsenal para convertir la despedida frente al Albacete en un homenaje al estadio que apacig\u00fce cualquier voz cr\u00edtica con la funesta gesti\u00f3n deportiva de la propiedad<\/strong><\/em><\/p>\n<p>Nada m\u00e1s conseguir la permanencia de forma matem\u00e1tica, el club se puso a trabajar para que el encuentro frente al Albacete no se convirtiera en un foro de protestas y quejas contra la nefasta gesti\u00f3n deportiva de la propiedad. Habr\u00e1 que comprobar hasta qu\u00e9 punto lo ha logrado, pero de momento no ha escatimado esfuerzos para, haciendo un llamamiento a la vena emocional, intentar que el aficionado asista al festejo con el menor o ning\u00fan \u00e1nimo discordante. Las iniciativas tienen como eje honrar el actual Gol Sur antes de que se proceda a su derribo en julio. Ser\u00e1 el primer movimiento hacia la construcci\u00f3n del nuevo estadio, es decir para mirar al futuro y aparcar el ingrato pasado con la salvaci\u00f3n certificada en la pen\u00faltima jornada. El completo ejercicio de marketing contempla la venta de un pack especial de mil unidades con una bufanda conmemorativa, una camiseta retro con la que los futbolista saltar\u00e1n al campo y postales hist\u00f3ricas. El reclamo ha sido un \u00e9xito.\u00a0 Ram\u00f3n Vila, autor del primer gol en La Romareda en 1957, har\u00e1 el saque de honor. Adem\u00e1s, hoy se ha anunciado que las puertas del viejo templo zaragocista se abrir\u00e1n del 3 al 28 de junio para quien quiera despedirse de \u00e9l, con la opci\u00f3n de hacerse fotograf\u00edas desde el mirador del Gol Norte. \u00bfSe habr\u00eda desplegado semejante campa\u00f1a en el caso de que este domingo el Real Zaragoza todav\u00eda no hubiera conseguido su continuidad en el f\u00fatbol profesional? No, pero el d\u00eda se ha quedado estupendo.<\/p>\n<p>As\u00ed que el Gol Sur, con su historia y sus intrahistorias, su nobleza, su indudable valor de pieza capital en los partidos locales, ser\u00e1 el gran protagonista. En realidad su inmediata demolici\u00f3n y la mezcla de a\u00f1oranza e ilusi\u00f3n que genera esa despedida. El Albacete, liberado tambi\u00e9n de presi\u00f3n alguna est\u00e1 siendo presentando como un invitado a esta liturgia del optimismo que empalma con el esbozo del ambicioso proyecto que se viene sugiriendo durante toda la semana y que, en teor\u00eda, pondr\u00eda sus primeras piedras la siguiente, una vez finalizado el campeonato. La operaci\u00f3n es conjunta. La atm\u00f3sfera que se respira va perdiendo la tensi\u00f3n del desenga\u00f1o, el fracaso, la manifestaci\u00f3n airada. La verdad, la terrible verdad, se est\u00e1 guardando en un caj\u00f3n con el candado de siempre, el del olvido como mejor b\u00e1lsamo. Pero hay un encuentro de por medio de tanto frenes\u00ed que por muy intrascendente que parezca puede rebajar el paisaje id\u00edlico que se ha gestado en los despachos. El resultado importa y mucho. Todo lo que no sea una victoria en una campa\u00f1a con s\u00f3lo siete triunfos en 20 jornadas dom\u00e9sticas har\u00eda que la mirada se centrara en el palco. Al pack especial habr\u00eda que a\u00f1adir la postal con la cara de Ra\u00fal Sanlleh\u00ed y los consejeros.<\/p>\n<p>V\u00edctor Fern\u00e1ndez quiere ganar tambi\u00e9n por la afici\u00f3n, el equipo y por \u00e9l mismo. Y no, no va a hacer rotaciones de cita veraniega. El preg\u00f3n de que su trabajo de sedante ha estado por encima de los n\u00fameros que ha conseguido s\u00f3lo convence a sus pregoneros. De no sumar los tres puntos, ser\u00eda uno de los dos peores entrenadores revulsivo de Segunda, y aunque importe poco de cara al objetivo de la salvaci\u00f3n ya confirmada, ratificar\u00eda su imagen de t\u00e9cnico re\u00f1ido para atajar crisis con rotundidad. Su misi\u00f3n, a la espera de la reuni\u00f3n donde le confirmar\u00e1n si sus deseos son \u00f3rdenes o hay que seguir las \u00f3rdenes del fondo de inversi\u00f3n, un c\u00f3nclave en el que V\u00edctor decidir\u00e1 si sigue o no con el equipo, es la gloria del ascenso. Mientras, todo gira entorno al Gol Sur, siempre y cuando el Albacete no se ponga serio y la afici\u00f3n pida antes la demolici\u00f3n de una directiva por otra parte intocable en este f\u00fatbol tantas veces cuentista.<\/p>\n<p>Al final, leyendas zaragocistas y socios de Gol Sur se fundir\u00e1n en una instant\u00e1nea en tributo a esa zona del campo que ser\u00e1 la primera en desaparecer. En fin&#8230; Que la eternidad sea leve este domingo con nada deportivo que perpetuar.<\/p>\n","protected":false},"excerpt":{"rendered":"<p>El club utiliza todo su arsenal para convertir la despedida frente al Albacete en un homenaje al estadio que apacig\u00fce cualquier voz cr\u00edtica con la funesta gesti\u00f3n deportiva de la propiedad Nada m\u00e1s conseguir la permanencia de forma matem\u00e1tica, el club se puso a trabajar para que el encuentro frente <a class=\"read-more\" href=\"https:\/\/principesdeparis.es\/principes\/adios-temporada-adios-gol-sur\/\">Sigue leyendo<\/a><\/p>\n","protected":false},"author":2,"featured_media":15373,"comment_status":"open","ping_status":"open","sticky":false,"template":"","format":"standard","meta":{"footnotes":""},"categories":[13,1],"tags":[],"class_list":["post-15372","post","type-post","status-publish","format-standard","has-post-thumbnail","hentry","category-publicidad","category-real-zaragoza"],"_links":{"self":[{"href":"https:\/\/principesdeparis.es\/principes\/wp-json\/wp\/v2\/posts\/15372","targetHints":{"allow":["GET"]}}],"collection":[{"href":"https:\/\/principesdeparis.es\/principes\/wp-json\/wp\/v2\/posts"}],"about":[{"href":"https:\/\/principesdeparis.es\/principes\/wp-json\/wp\/v2\/types\/post"}],"author":[{"embeddable":true,"href":"https:\/\/principesdeparis.es\/principes\/wp-json\/wp\/v2\/users\/2"}],"replies":[{"embeddable":true,"href":"https:\/\/principesdeparis.es\/principes\/wp-json\/wp\/v2\/comments?post=15372"}],"version-history":[{"count":2,"href":"https:\/\/principesdeparis.es\/principes\/wp-json\/wp\/v2\/posts\/15372\/revisions"}],"predecessor-version":[{"id":15383,"href":"https:\/\/principesdeparis.es\/principes\/wp-json\/wp\/v2\/posts\/15372\/revisions\/15383"}],"wp:featuredmedia":[{"embeddable":true,"href":"https:\/\/principesdeparis.es\/principes\/wp-json\/wp\/v2\/media\/15373"}],"wp:attachment":[{"href":"https:\/\/principesdeparis.es\/principes\/wp-json\/wp\/v2\/media?parent=15372"}],"wp:term":[{"taxonomy":"category","embeddable":true,"href":"https:\/\/principesdeparis.es\/principes\/wp-json\/wp\/v2\/categories?post=15372"},{"taxonomy":"post_tag","embeddable":true,"href":"https:\/\/principesdeparis.es\/principes\/wp-json\/wp\/v2\/tags?post=15372"}],"curies":[{"name":"wp","href":"https:\/\/api.w.org\/{rel}","templated":true}]}}