{"id":15375,"date":"2024-06-02T16:00:10","date_gmt":"2024-06-02T16:00:10","guid":{"rendered":"https:\/\/principesdeparis.es\/principes\/?p=15375"},"modified":"2024-06-02T16:36:25","modified_gmt":"2024-06-02T16:36:25","slug":"juan-carlos-cordero-sigue-como-director-deportivo","status":"publish","type":"post","link":"https:\/\/principesdeparis.es\/principes\/juan-carlos-cordero-sigue-como-director-deportivo\/","title":{"rendered":"Juan Carlos Cordero sigue como director deportivo"},"content":{"rendered":"<p style=\"text-align: center;\"><em><strong>El ejecutivo, seg\u00fan informa el diario As, cumplir\u00e1 el a\u00f1o que le resta de contrato y dise\u00f1ar\u00e1 la plantilla del pr\u00f3ximo curso junto a V\u00edctor Fern\u00e1ndez<\/strong><\/em><\/p>\n<p>Juan Carlos Cordero seguir\u00e1 en su puesto y cumplir\u00e1 el a\u00f1o de contrato que ten\u00eda pendiente con el Real Zaragoza, seg\u00fan informa el diario As. Durante gran parte de la temporada, sobre todo a ra\u00edz de la mala gesti\u00f3n del mercado de invierno y de la herencia del pobre rendimiento que han ofrecido sus fichajes, el director deportivo ha estado muy cuestionado por el zaragocismo. La lucha por la permanencia hasta la pen\u00faltima jornada, fruto de ese descalabro deportivo con tres entrenadores de por medio, acentu\u00f3 la posibilidad de que la propiedad optara por rescindir su v\u00ednculo laboral con el cartagenero. Sin embargo, el consejo de administraci\u00f3n ha considerado oportuno mantenerle en su puesto para que confeccione la plantilla del pr\u00f3ximo curso junto a V\u00edctor Fern\u00e1ndez, quien la semana entrante confirmar\u00e1 su continuidad en\u00a0 el banquillo del conjunto aragon\u00e9s pese a que tiene firmado un a\u00f1o m\u00e1s con el Real Zaragoza.<\/p>\n<p>La presi\u00f3n social y medi\u00e1tica, justificada en parte por los resultados y una temporada decepcionante de principio a fin con la salvedad de las cinco primeras jornadas, para que Cordero fuera destituido no ha surtido efecto. Su trabajo, elogiado en la ventana de verano por la celeridad de las operaciones y por contrataciones que en principio deber\u00edan de dar el rendimiento que figuraba en sus curr\u00edculum, se fue desmoronando como un castillo de naipes. La primera crisis se llev\u00f3 por delante a\u00a0 Escrib\u00e1, y la segunda, a Julio Vel\u00e1zquez, una apuesta personal del director deportivo que tampoco cuaj\u00f3. Entre ambos, recibi\u00f3 la recomendaci\u00f3n de que se hiciera con los servicios de V\u00edctor Fern\u00e1ndez,\u00a0 quien ya hab\u00eda puesto su maquinaria en marcha para ofrecerse a trav\u00e9s de terceros, pero Cordero y el propio directo general, Ra\u00fal Sanlleh\u00ed, desecharon la alternativa del t\u00e9cnico aragon\u00e9s. La incapacidad para adquirir jugadores ofensivos en enero, un d\u00e9ficit lacerante, acrecent\u00f3 los problemas y el malestar de la masa social.<\/p>\n<p>Con el equipo a siete puntos del descenso, Vel\u00e1zquez subi\u00f3 tambi\u00e9n al cadalso y la propiedad impuso a V\u00edctor Fern\u00e1ndez en contra de ambos dirigentes. La situaci\u00f3n deportiva empeor\u00f3 mientras el nuevo entrenador atizaba a Cordero en p\u00fablico, lo que supuso el primer desencuentro de forma unilateral y una tormenta de cr\u00edticas desproporcionadas que se\u00f1alaban a uno y liberaban al otro por su condici\u00f3n de mito. El deseo de V\u00edctor de formar parte de la construcci\u00f3n de la plantilla una vez consumada la permanencia puso al ejecutivo en una situaci\u00f3n a\u00fan m\u00e1s delicada. Sin embargo, la propiedad ha considerado que lo mejor para el club es que el director deportivo se mantengan en el proyecto de futuro, un escenario donde V\u00edctor y Cordero est\u00e1n condenados a entenderse pese a sus antag\u00f3nicas maneras de entender el f\u00fatbol. Otra cosa es lo que lo hagan mientras se despeja cu\u00e1l es la verdadera intenci\u00f3n del fondo de inversi\u00f3n, si relanzar al Real Zaragoza hacia metas m\u00e1s ambiciosas o dejarle, como hasta ahora, en la \u00f3rbita de equipo sat\u00e9lite.<\/p>\n","protected":false},"excerpt":{"rendered":"<p>El ejecutivo, seg\u00fan informa el diario As, cumplir\u00e1 el a\u00f1o que le resta de contrato y dise\u00f1ar\u00e1 la plantilla del pr\u00f3ximo curso junto a V\u00edctor Fern\u00e1ndez Juan Carlos Cordero seguir\u00e1 en su puesto y cumplir\u00e1 el a\u00f1o de contrato que ten\u00eda pendiente con el Real Zaragoza, seg\u00fan informa el diario <a class=\"read-more\" href=\"https:\/\/principesdeparis.es\/principes\/juan-carlos-cordero-sigue-como-director-deportivo\/\">Sigue leyendo<\/a><\/p>\n","protected":false},"author":2,"featured_media":15376,"comment_status":"open","ping_status":"open","sticky":false,"template":"","format":"standard","meta":{"footnotes":""},"categories":[13,1],"tags":[],"class_list":["post-15375","post","type-post","status-publish","format-standard","has-post-thumbnail","hentry","category-publicidad","category-real-zaragoza"],"_links":{"self":[{"href":"https:\/\/principesdeparis.es\/principes\/wp-json\/wp\/v2\/posts\/15375","targetHints":{"allow":["GET"]}}],"collection":[{"href":"https:\/\/principesdeparis.es\/principes\/wp-json\/wp\/v2\/posts"}],"about":[{"href":"https:\/\/principesdeparis.es\/principes\/wp-json\/wp\/v2\/types\/post"}],"author":[{"embeddable":true,"href":"https:\/\/principesdeparis.es\/principes\/wp-json\/wp\/v2\/users\/2"}],"replies":[{"embeddable":true,"href":"https:\/\/principesdeparis.es\/principes\/wp-json\/wp\/v2\/comments?post=15375"}],"version-history":[{"count":6,"href":"https:\/\/principesdeparis.es\/principes\/wp-json\/wp\/v2\/posts\/15375\/revisions"}],"predecessor-version":[{"id":15382,"href":"https:\/\/principesdeparis.es\/principes\/wp-json\/wp\/v2\/posts\/15375\/revisions\/15382"}],"wp:featuredmedia":[{"embeddable":true,"href":"https:\/\/principesdeparis.es\/principes\/wp-json\/wp\/v2\/media\/15376"}],"wp:attachment":[{"href":"https:\/\/principesdeparis.es\/principes\/wp-json\/wp\/v2\/media?parent=15375"}],"wp:term":[{"taxonomy":"category","embeddable":true,"href":"https:\/\/principesdeparis.es\/principes\/wp-json\/wp\/v2\/categories?post=15375"},{"taxonomy":"post_tag","embeddable":true,"href":"https:\/\/principesdeparis.es\/principes\/wp-json\/wp\/v2\/tags?post=15375"}],"curies":[{"name":"wp","href":"https:\/\/api.w.org\/{rel}","templated":true}]}}