{"id":15384,"date":"2024-06-02T18:18:32","date_gmt":"2024-06-02T18:18:32","guid":{"rendered":"https:\/\/principesdeparis.es\/principes\/?p=15384"},"modified":"2024-06-02T18:42:29","modified_gmt":"2024-06-02T18:42:29","slug":"gamez-unico-cambio-para-despedir-la-temporada","status":"publish","type":"post","link":"https:\/\/principesdeparis.es\/principes\/gamez-unico-cambio-para-despedir-la-temporada\/","title":{"rendered":"G\u00e1mez, \u00fanico cambio para despedir la temporada"},"content":{"rendered":"<p>Fran G\u00e1mez es la \u00fanica novedad en el Real Zaragoza en relaci\u00f3n a la alineaci\u00f3n que present\u00f3 V\u00edctor Fern\u00e1ndez en El Sardinero. La sanci\u00f3n de Lecoeuche permite la lateral derecho, que posiblemente juegue en la izquierda en el \u00faltimo partido de la temporada, despedirse de la afici\u00f3n como titular despu\u00e9s de tres cursos en el conjunto aragon\u00e9s y ante la falta de una oferta para su renovaci\u00f3n. El resto ser\u00e1n los mismos que se impusieron al Racing en un encuentro que se ha trabajado desde los despachos para centrar la atenci\u00f3n en el homenaje al Gol Sur como despedida emocional al viejo estadio, que comenzar\u00e1 a demolerse por esa zona tan emblem\u00e1tica del campo el pr\u00f3ximo mes de julio. El objetivo, nada disimulado, es que la afici\u00f3n que acuda tenga motivos para una celebraci\u00f3n artificiosa y olvide en lo posible la terrible gesti\u00f3n deportiva de la propiedad a lo largo de este ejercicio de continuas decepciones y angustias clasificatorias hasta la pen\u00faltima jornada.<\/p>\n<p>No hay nada honroso ni honorable este domingo por mucho que se intente desenfocar una realidad que a nadie escapa y que habla muy mal de todos los protagonistas del club salvo, como siempre, de su afici\u00f3n. La jornada ser\u00e1 de despedida de muchos futbolistas, no s\u00f3lo de G\u00e1mez. Todav\u00eda se desconoce cu\u00e1ntos jugadores con contrato o cedidos dejar\u00e1n de vestir hoy la camiseta del Real Zaragoza pero todo indica que ser\u00e1n un buen n\u00famero una vez que Juan Carlos Cordero y V\u00edctor Fern\u00e1ndez se pongan manos a la obra sobre un proyecto que, sin confirmarse a\u00fan apunta a metas m\u00e1s altas que arrastrarse por la categor\u00eda como ha ocurrido en las \u00faltimas cuatro campa\u00f1as.<\/p>\n<p>La alineaci\u00f3n del Albacete<\/p>\n<blockquote class=\"twitter-tweet\">\n<p dir=\"ltr\" lang=\"es\"><a href=\"https:\/\/t.co\/4TPqRdGFoi\">pic.twitter.com\/4TPqRdGFoi<\/a><\/p>\n<p>\u2014 Albacete Balompi\u00e9 (@AlbaceteBPSAD) <a href=\"https:\/\/twitter.com\/AlbaceteBPSAD\/status\/1797325741631094791?ref_src=twsrc%5Etfw\">June 2, 2024<\/a><\/p><\/blockquote>\n<p><script async src=\"https:\/\/platform.twitter.com\/widgets.js\" charset=\"utf-8\"><\/script><\/p>\n","protected":false},"excerpt":{"rendered":"<p>Fran G\u00e1mez es la \u00fanica novedad en el Real Zaragoza en relaci\u00f3n a la alineaci\u00f3n que present\u00f3 V\u00edctor Fern\u00e1ndez en El Sardinero. La sanci\u00f3n de Lecoeuche permite la lateral derecho, que posiblemente juegue en la izquierda en el \u00faltimo partido de la temporada, despedirse de la afici\u00f3n como titular despu\u00e9s <a class=\"read-more\" href=\"https:\/\/principesdeparis.es\/principes\/gamez-unico-cambio-para-despedir-la-temporada\/\">Sigue leyendo<\/a><\/p>\n","protected":false},"author":2,"featured_media":15385,"comment_status":"open","ping_status":"open","sticky":false,"template":"","format":"standard","meta":{"footnotes":""},"categories":[13,1],"tags":[],"class_list":["post-15384","post","type-post","status-publish","format-standard","has-post-thumbnail","hentry","category-publicidad","category-real-zaragoza"],"_links":{"self":[{"href":"https:\/\/principesdeparis.es\/principes\/wp-json\/wp\/v2\/posts\/15384","targetHints":{"allow":["GET"]}}],"collection":[{"href":"https:\/\/principesdeparis.es\/principes\/wp-json\/wp\/v2\/posts"}],"about":[{"href":"https:\/\/principesdeparis.es\/principes\/wp-json\/wp\/v2\/types\/post"}],"author":[{"embeddable":true,"href":"https:\/\/principesdeparis.es\/principes\/wp-json\/wp\/v2\/users\/2"}],"replies":[{"embeddable":true,"href":"https:\/\/principesdeparis.es\/principes\/wp-json\/wp\/v2\/comments?post=15384"}],"version-history":[{"count":6,"href":"https:\/\/principesdeparis.es\/principes\/wp-json\/wp\/v2\/posts\/15384\/revisions"}],"predecessor-version":[{"id":15391,"href":"https:\/\/principesdeparis.es\/principes\/wp-json\/wp\/v2\/posts\/15384\/revisions\/15391"}],"wp:featuredmedia":[{"embeddable":true,"href":"https:\/\/principesdeparis.es\/principes\/wp-json\/wp\/v2\/media\/15385"}],"wp:attachment":[{"href":"https:\/\/principesdeparis.es\/principes\/wp-json\/wp\/v2\/media?parent=15384"}],"wp:term":[{"taxonomy":"category","embeddable":true,"href":"https:\/\/principesdeparis.es\/principes\/wp-json\/wp\/v2\/categories?post=15384"},{"taxonomy":"post_tag","embeddable":true,"href":"https:\/\/principesdeparis.es\/principes\/wp-json\/wp\/v2\/tags?post=15384"}],"curies":[{"name":"wp","href":"https:\/\/api.w.org\/{rel}","templated":true}]}}