{"id":15405,"date":"2024-06-03T08:30:38","date_gmt":"2024-06-03T08:30:38","guid":{"rendered":"https:\/\/principesdeparis.es\/principes\/?p=15405"},"modified":"2024-06-03T09:46:49","modified_gmt":"2024-06-03T09:46:49","slug":"raul-sanllehi-deja-el-real-zaragoza","status":"publish","type":"post","link":"https:\/\/principesdeparis.es\/principes\/raul-sanllehi-deja-el-real-zaragoza\/","title":{"rendered":"Ra\u00fal Sanlleh\u00ed deja el Real Zaragoza"},"content":{"rendered":"<p>La primera bomba del futuro ha estallado esta misma ma\u00f1ana de lunes: el director general, Ra\u00fal Sanlleh\u00ed, deja su cargo tras mutuo acuerdo con la propiedad. El Real Zaragoza ha emitido un comunicado sin dar explicaciones sobra las causas de la salida del ejecutivo, aunque subrayando que la decisi\u00f3n ha sido de forma consensuada, y agradeci\u00e9ndole sus servicios prestados. \u00abSu liderazgo y su visi\u00f3n estrat\u00e9gica han sido fundamentales para\u00a0 el crecimiento y modernizaci\u00f3n de nuestro club\u00bb, escribe el presidente del club, Jorge Mas.<\/p>\n<p>Por su parte, Ra\u00fal Sanleh\u00ed, que ten\u00eda a\u00fan dos a\u00f1os m\u00e1s de contrato, se despide en la nota oficial: \u201cHa sido un honor y un privilegio formar parte de este gran club. Me voy con la satisfacci\u00f3n de haber contribuido al desarrollo y fortalecimiento del Real Zaragoza. Quiero agradecer a todos los empleados, jugadores, aficionados y directivos su apoyo y colaboraci\u00f3n durante mi tiempo aqu\u00ed. Me llevo grandes recuerdos y dejo un equipo comprometido con un futuro brillante. \u00a1A\u00fapa Zaragoza!\u201d, manifest\u00f3 el ya exdirector general.<\/p>\n<p>En los pr\u00f3ximos d\u00edas, seg\u00fan recoge el comunicado, se anunciar\u00e1 la estructura organizativa que asumir\u00e1 las funciones desempe\u00f1adas por Sanlleh\u00ed, \u00abcon el objetivo de asegurar una transici\u00f3n ordenada y continuar con el trabajo iniciado\u00bb. Este <em>acuerdo<\/em> contiene un reconocible aroma a despido despu\u00e9s de que el catal\u00e1n, en sus dos temporadas siendo el hombre fuerte del fondo de inversi\u00f3n en el club aragon\u00e9s, no haya conseguido que el equipo adquiere el tono competitivo adecuado para luchar por el ascenso. Muy al contrario, en ambos cursos, sobre todo en el que acaba de finalizar, la salvaci\u00f3n ha sido el triste objetivo final.<\/p>\n<p>Su aterrizaje en la capital aragonesa fue acogido con cierta satisfacci\u00f3n al tratarse de un profesional con un amplio recorrido en el universo de las negociaciones que ejecut\u00f3 como director de f\u00fatbol en el Bar\u00e7a y del Arsenal, de donde sali\u00f3 por la puerta de atr\u00e1s. Sus primeros decisiones, sin embargo, desencantaron al aficionado. Mantuvo en la direcci\u00f3n deportiva a Miguel Torrecilla pese al pobre trabajo de \u00e9ste, elogi\u00f3 la figura ya muy desgastada de Luis Carlos Cuartero. Pronto se descubri\u00f3 su falta de aclimataci\u00f3n a un ecosistema, el del Real Zaragoza, que le vino grande al tratarse de un escenario con particularidades muy distintas a las de sus anteriores destinos.<\/p>\n<p>La elecci\u00f3n de Juan Carlos Cordero como entrenador fue otro de sus errores de bulto, al entregar el vestuario a un t\u00e9cnico sin apenas recorrido en el f\u00fatbol profesional. Mientras, ejerc\u00eda el papel de representante institucional en la operaci\u00f3n para que la multipropiedad tuviera un un lugar de privilegio en la construcci\u00f3n y sobre todo explotaci\u00f3n del nuevo estadio. El Real Zaragoza avanzaba en el ladrillo pero descarrilaba sobre el c\u00e9sped. Lleg\u00f3 Fran Escrib\u00e1 para ayudar a la salvaci\u00f3n y se contrat\u00f3 a Juan Carlos Cordero frente a la continuidad insostenible de Torrecilla. El segundo ejercicio fue a peor. Cay\u00f3 Escrib\u00e1, se eligi\u00f3 a Julio Vel\u00e1zquez y al final se acept\u00f3 la imposici\u00f3n de V\u00edctor Fern\u00e1ndez, con quien se ha cerrado un curso deplorable. Dos directores generales y cuatro entrenadores en s\u00f3lo un par de cursos han terminado por descabalgarle de la c\u00fapula.<\/p>\n<p>Ra\u00fal Sanlleh\u00ed se va ajeno a la realidad del Real Zaragoza, con la sensaci\u00f3n de un aislamiento provocado por su p\u00e9sima gesti\u00f3n, los malos asesores de los que se ha rodeado y la evidencia de verse superado por los acontecimientos. \u00abEstoy exhausto y desgastado\u00bb, ha reconocido en una amplia carta de despedida.<\/p>\n<p>&nbsp;<\/p>\n","protected":false},"excerpt":{"rendered":"<p>La primera bomba del futuro ha estallado esta misma ma\u00f1ana de lunes: el director general, Ra\u00fal Sanlleh\u00ed, deja su cargo tras mutuo acuerdo con la propiedad. El Real Zaragoza ha emitido un comunicado sin dar explicaciones sobra las causas de la salida del ejecutivo, aunque subrayando que la decisi\u00f3n ha <a class=\"read-more\" href=\"https:\/\/principesdeparis.es\/principes\/raul-sanllehi-deja-el-real-zaragoza\/\">Sigue leyendo<\/a><\/p>\n","protected":false},"author":2,"featured_media":15406,"comment_status":"open","ping_status":"open","sticky":false,"template":"","format":"standard","meta":{"footnotes":""},"categories":[13,1],"tags":[],"class_list":["post-15405","post","type-post","status-publish","format-standard","has-post-thumbnail","hentry","category-publicidad","category-real-zaragoza"],"_links":{"self":[{"href":"https:\/\/principesdeparis.es\/principes\/wp-json\/wp\/v2\/posts\/15405","targetHints":{"allow":["GET"]}}],"collection":[{"href":"https:\/\/principesdeparis.es\/principes\/wp-json\/wp\/v2\/posts"}],"about":[{"href":"https:\/\/principesdeparis.es\/principes\/wp-json\/wp\/v2\/types\/post"}],"author":[{"embeddable":true,"href":"https:\/\/principesdeparis.es\/principes\/wp-json\/wp\/v2\/users\/2"}],"replies":[{"embeddable":true,"href":"https:\/\/principesdeparis.es\/principes\/wp-json\/wp\/v2\/comments?post=15405"}],"version-history":[{"count":12,"href":"https:\/\/principesdeparis.es\/principes\/wp-json\/wp\/v2\/posts\/15405\/revisions"}],"predecessor-version":[{"id":15423,"href":"https:\/\/principesdeparis.es\/principes\/wp-json\/wp\/v2\/posts\/15405\/revisions\/15423"}],"wp:featuredmedia":[{"embeddable":true,"href":"https:\/\/principesdeparis.es\/principes\/wp-json\/wp\/v2\/media\/15406"}],"wp:attachment":[{"href":"https:\/\/principesdeparis.es\/principes\/wp-json\/wp\/v2\/media?parent=15405"}],"wp:term":[{"taxonomy":"category","embeddable":true,"href":"https:\/\/principesdeparis.es\/principes\/wp-json\/wp\/v2\/categories?post=15405"},{"taxonomy":"post_tag","embeddable":true,"href":"https:\/\/principesdeparis.es\/principes\/wp-json\/wp\/v2\/tags?post=15405"}],"curies":[{"name":"wp","href":"https:\/\/api.w.org\/{rel}","templated":true}]}}