{"id":15426,"date":"2024-06-05T14:07:11","date_gmt":"2024-06-05T14:07:11","guid":{"rendered":"https:\/\/principesdeparis.es\/principes\/?p=15426"},"modified":"2024-06-05T14:07:11","modified_gmt":"2024-06-05T14:07:11","slug":"victor-tropieza-contra-su-piedra-angular","status":"publish","type":"post","link":"https:\/\/principesdeparis.es\/principes\/victor-tropieza-contra-su-piedra-angular\/","title":{"rendered":"V\u00edctor tropieza contra su &#8216;piedra angular&#8217;"},"content":{"rendered":"<p style=\"text-align: center;\"><em><strong>La renovaci\u00f3n de Ander Herrera por el Athletic entra en el marco de la negociaci\u00f3n entre profesionales que ha provocado un se\u00edsmo por la imprudente necesidad del t\u00e9cnico de reafirmar su jerarqu\u00eda<\/strong><\/em><\/p>\n<p>Ander Herrera est\u00e1 recibiendo lo suyo desde Zaragoza desde que se ha conocido que se decanta por la oferta del Athletic para que renueve una temporada m\u00e1s a raz\u00f3n de un mill\u00f3n de euros. Era una petici\u00f3n expresa de Ernesto Valverde frente a las cuatro competiciones que le esperan al club bilba\u00edno la pr\u00f3xima temporada, la salida de veteranos como Ra\u00fal Garc\u00eda, Muniain y Dani Garc\u00eda y la necesidad de disponer de futbolistas con experiencia para un curso exigente. El centrocampista hab\u00eda congelado durante bastante tiempo esa renovaci\u00f3n para escuchar la propuesta del Real Zaragoza, el grado de ambici\u00f3n del proyecto de la propiedad y contemplar un regreso que rebajaba sustancialmente sus ganancias a 93.000 euros aunque supon\u00eda una carga de 740.000 sobre el l\u00edmite salarial del conjunto aragon\u00e9s. Nunca, al menos p\u00fablicamente, se ha manifestado en uno u otro sentido, pero esa operaci\u00f3n &#8216;non nata&#8217; en t\u00e9rminos oficiales se ha ido viciando por la disposici\u00f3n del jugador a atender la llamada, su constante declaraci\u00f3n de amor al Real Zaragoza, donde ha manifestado que le gustar\u00eda retirarse, y sobre todo por la imprudente necesidad de V\u00edctor Fern\u00e1ndez de reafirmar su jerarqu\u00eda como principal n\u00facleo decisorio en la configuraci\u00f3n de la plantilla 24-25.<\/p>\n<p>El t\u00e9cnico se ha estampado contra su &#8216;piedra angular&#8217; a las pocas horas de haber recibido la bendici\u00f3n rojiblanca en Madrid &#8211;nada concreta por otra parte&#8211; de Mariano Aguilar y Emilio Cruz, consejeros que han tomado el testigo de Ra\u00fal Sanlleh\u00ed, para que articulara con Juan Carlos Cordero la construcci\u00f3n del equipo. La intenci\u00f3n de deslumbrar a los consejeros como antes lo hab\u00eda hecho con la afici\u00f3n con la complicidad de sus medios de comunicaci\u00f3n m\u00e1s afines y los que se han ido sumando hipnotizados por lo que ha resultado una fantas\u00eda, le ha salido por la culata. Herrera no ha hecho otra cosa que desenvolverse en un marco profesional para decidirse por lo que considera m\u00e1s adecuado para su carrera. El cacareado &#8216;fichaje estrat\u00e9gico&#8217; por lo que el futbolista pod\u00eda aportar en el plano cualitativo y como reclamo para futuras negociaciones se ha venido abajo, y la decepci\u00f3n estrangula en estos momentos a un p\u00fablico al que se le hab\u00eda vendido la piel del oso antes de cazarlo. Disparar contra Herrera es ahora lo m\u00e1s sencillo, pero habr\u00eda que analizar y reflexionar sobre los porqu\u00e9s sigue en San Mam\u00e9s a sus 34 a\u00f1os.<\/p>\n<p>En un principio, la faceta econ\u00f3mica o una hipot\u00e9tica maniobra a dos bandas quedar\u00edan descartadas aunque en todo tipo gestiones en este universo tan opaco es mejor aguantar las cartas de las conclusiones en la mano hasta el final. Si su intenci\u00f3n era de la dejar de ganar casi un mill\u00f3n, quiz\u00e1s habr\u00eda que preguntarse si la reuni\u00f3n que mantuvo con V\u00edctor en la capital aragonesa y la informaci\u00f3n de la propiedad sobre sus planes de futuro no le llegaron a seducir lo suficiente para aventurarse a una vuelta a La Romareda plena en teor\u00eda de altruismo. Ser\u00eda mucho m\u00e1s grave esta hip\u00f3tesis que el hecho de que haya mirado exclusivamente por sus intereses, porque desmontar\u00eda en parte la atm\u00f3sfera de que el Real Zaragoza va a enfocar con decisi\u00f3n inversora el pr\u00f3ximo ejercicio en el ascenso. V\u00edctor Fern\u00e1ndez ha recibido un golpe bajo en el cuadril\u00e1tero de su propia suficiencia, lo que ratifica que su continuidad en el banquillo no estaba ligada con gruesos lazos a la contrataci\u00f3n de Ander, otro bulo difundido sin fundamento a los cuatro vientos.<\/p>\n<p>En cualquier caso, el chasco con Ander Herrera, por muy doloroso que resulte, no deber\u00eda afectar m\u00e1s all\u00e1 del impacto de no contar con su talento si es cierto que el fondo se va a volcar con un Real Zaragoza ganador y con argumentos para armar un bloque muy competitivo. V\u00edctor Fern\u00e1ndez ha cometido un error de principiante aun con buena fe. Lo bochornoso ha sido c\u00f3mo su s\u00e9quito ha distorsionado la realidad y ha confundido a la opini\u00f3n p\u00fablica, colaborando a poner en la diana a un Herrera visiblemente se\u00f1alado a quien ser\u00e1 complicado recuperar el tremendo cari\u00f1o popular que generaba en el zaragocismo. En los pr\u00f3ximos d\u00edas se ir\u00e1 descubriendo si el Real Zaragoza contin\u00faa con esta vena folcl\u00f3rica donde la informaci\u00f3n se fabrica en la fragua de las verdades a medias. Como en las once temporadas anteriores.<\/p>\n<p><em>Foto: Alfonso Hern\u00e1ndez<\/em><\/p>\n<p><em>Ander, en la pretemporada del Real Zaragoza en 2009<\/em><\/p>\n","protected":false},"excerpt":{"rendered":"<p>La renovaci\u00f3n de Ander Herrera por el Athletic entra en el marco de la negociaci\u00f3n entre profesionales que ha provocado un se\u00edsmo por la imprudente necesidad del t\u00e9cnico de reafirmar su jerarqu\u00eda Ander Herrera est\u00e1 recibiendo lo suyo desde Zaragoza desde que se ha conocido que se decanta por la <a class=\"read-more\" href=\"https:\/\/principesdeparis.es\/principes\/victor-tropieza-contra-su-piedra-angular\/\">Sigue leyendo<\/a><\/p>\n","protected":false},"author":2,"featured_media":15427,"comment_status":"open","ping_status":"open","sticky":false,"template":"","format":"standard","meta":{"footnotes":""},"categories":[13,1],"tags":[],"class_list":["post-15426","post","type-post","status-publish","format-standard","has-post-thumbnail","hentry","category-publicidad","category-real-zaragoza"],"_links":{"self":[{"href":"https:\/\/principesdeparis.es\/principes\/wp-json\/wp\/v2\/posts\/15426","targetHints":{"allow":["GET"]}}],"collection":[{"href":"https:\/\/principesdeparis.es\/principes\/wp-json\/wp\/v2\/posts"}],"about":[{"href":"https:\/\/principesdeparis.es\/principes\/wp-json\/wp\/v2\/types\/post"}],"author":[{"embeddable":true,"href":"https:\/\/principesdeparis.es\/principes\/wp-json\/wp\/v2\/users\/2"}],"replies":[{"embeddable":true,"href":"https:\/\/principesdeparis.es\/principes\/wp-json\/wp\/v2\/comments?post=15426"}],"version-history":[{"count":1,"href":"https:\/\/principesdeparis.es\/principes\/wp-json\/wp\/v2\/posts\/15426\/revisions"}],"predecessor-version":[{"id":15428,"href":"https:\/\/principesdeparis.es\/principes\/wp-json\/wp\/v2\/posts\/15426\/revisions\/15428"}],"wp:featuredmedia":[{"embeddable":true,"href":"https:\/\/principesdeparis.es\/principes\/wp-json\/wp\/v2\/media\/15427"}],"wp:attachment":[{"href":"https:\/\/principesdeparis.es\/principes\/wp-json\/wp\/v2\/media?parent=15426"}],"wp:term":[{"taxonomy":"category","embeddable":true,"href":"https:\/\/principesdeparis.es\/principes\/wp-json\/wp\/v2\/categories?post=15426"},{"taxonomy":"post_tag","embeddable":true,"href":"https:\/\/principesdeparis.es\/principes\/wp-json\/wp\/v2\/tags?post=15426"}],"curies":[{"name":"wp","href":"https:\/\/api.w.org\/{rel}","templated":true}]}}