{"id":15429,"date":"2024-06-06T10:02:38","date_gmt":"2024-06-06T10:02:38","guid":{"rendered":"https:\/\/principesdeparis.es\/principes\/?p=15429"},"modified":"2024-06-06T10:02:38","modified_gmt":"2024-06-06T10:02:38","slug":"demasiadas-preguntas-y-no-tengo-ni-idea","status":"publish","type":"post","link":"https:\/\/principesdeparis.es\/principes\/demasiadas-preguntas-y-no-tengo-ni-idea\/","title":{"rendered":"Demasiadas preguntas y no tengo ni idea"},"content":{"rendered":"<p>El final de la temporada pasada estuvo marcado por la tranquilidad en las \u00faltimas jornadas y por la espectacular despedida de Alberto Zapater con un director deportivo que pronto sorprendi\u00f3 al conseguir los futbolistas que casi todos pens\u00e1bamos iban a resultar fundamentales para el entrenador. La construcci\u00f3n de la nueva Romareda estaba en duda y se vendieron todos los abonos antes incluso de conocer el proyecto deportivo. Pero desde entonces a fecha de hoy han pasado una serie de acontecimientos que ponen en riesgo las posibilidades de \u00e9xito del club. A\u00fan estamos esperando explicaciones sobre el \u00abasunto Herrera\u00bb y cu\u00e1les han sido los motivos reales para la explosi\u00f3n del globo. Horas antes dimit\u00eda el director general y expresaba en cuatro p\u00e1ginas a trav\u00e9s de un comunicado oficial los motivos de su marcha, y hoy nos hemos desayunado con Fernando L\u00f3pez, una de las manos derechas de Gil Mar\u00edn, en el despacho del catal\u00e1n. Nos enteramos que se iba a levantar en un a\u00f1o y medio un estadio modular que lleg\u00f3 a llamarse port\u00e1til y con capacidad para veinte mil espectadores. Antes de conocerse en Santander la continuidad del Real Zaragoza en Segunda Divisi\u00f3n hab\u00eda dudas sobre si segu\u00edan en sus puestos Juan Carlos Cordero y V\u00edctor Fern\u00e1ndez, se marchaba el t\u00e9cnico, dejaba el club el director deportivo o se convert\u00eda en manager general el entrenador. Por \u00faltimo sigue busc\u00e1ndose al gerente de la Nueva Romareda SL del que se dijo iba a ocupar el puesto Cristian Lapetra cosa que no ha ocurrido.<\/p>\n<p>\u00bfCu\u00e1l ser\u00e1 la frase con la que definir\u00e1n desde la direcci\u00f3n de comunicaci\u00f3n de la entidad blanquilla el objetivo de la pr\u00f3xima temporada? \u00bfC\u00f3mo resolver\u00e1n el problema de los abonos que no se podr\u00e1n poner a la venta? \u00bfSubir\u00e1 en m\u00e1s de un 50% el coste de los mismos? \u00bfCu\u00e1ndo terminar\u00e1 el supuesto romance entre Cordero y Fern\u00e1ndez? \u00bfQu\u00e9 portero y qu\u00e9 goleador ser\u00e1n fichados? \u00bfCu\u00e1l ser\u00e1 el nivel del resto? No tengo ni idea, estimados lectores. S\u00ed les deseo que disfruten de un feliz verano con la vaga esperanza de una sorpresa agradable que les ilusione antes del comienzo de la liga.<\/p>\n","protected":false},"excerpt":{"rendered":"<p>El final de la temporada pasada estuvo marcado por la tranquilidad en las \u00faltimas jornadas y por la espectacular despedida de Alberto Zapater con un director deportivo que pronto sorprendi\u00f3 al conseguir los futbolistas que casi todos pens\u00e1bamos iban a resultar fundamentales para el entrenador. La construcci\u00f3n de la nueva <a class=\"read-more\" href=\"https:\/\/principesdeparis.es\/principes\/demasiadas-preguntas-y-no-tengo-ni-idea\/\">Sigue leyendo<\/a><\/p>\n","protected":false},"author":3,"featured_media":15430,"comment_status":"open","ping_status":"open","sticky":false,"template":"","format":"standard","meta":{"footnotes":""},"categories":[16,13],"tags":[],"class_list":["post-15429","post","type-post","status-publish","format-standard","has-post-thumbnail","hentry","category-el10","category-publicidad"],"_links":{"self":[{"href":"https:\/\/principesdeparis.es\/principes\/wp-json\/wp\/v2\/posts\/15429","targetHints":{"allow":["GET"]}}],"collection":[{"href":"https:\/\/principesdeparis.es\/principes\/wp-json\/wp\/v2\/posts"}],"about":[{"href":"https:\/\/principesdeparis.es\/principes\/wp-json\/wp\/v2\/types\/post"}],"author":[{"embeddable":true,"href":"https:\/\/principesdeparis.es\/principes\/wp-json\/wp\/v2\/users\/3"}],"replies":[{"embeddable":true,"href":"https:\/\/principesdeparis.es\/principes\/wp-json\/wp\/v2\/comments?post=15429"}],"version-history":[{"count":3,"href":"https:\/\/principesdeparis.es\/principes\/wp-json\/wp\/v2\/posts\/15429\/revisions"}],"predecessor-version":[{"id":15443,"href":"https:\/\/principesdeparis.es\/principes\/wp-json\/wp\/v2\/posts\/15429\/revisions\/15443"}],"wp:featuredmedia":[{"embeddable":true,"href":"https:\/\/principesdeparis.es\/principes\/wp-json\/wp\/v2\/media\/15430"}],"wp:attachment":[{"href":"https:\/\/principesdeparis.es\/principes\/wp-json\/wp\/v2\/media?parent=15429"}],"wp:term":[{"taxonomy":"category","embeddable":true,"href":"https:\/\/principesdeparis.es\/principes\/wp-json\/wp\/v2\/categories?post=15429"},{"taxonomy":"post_tag","embeddable":true,"href":"https:\/\/principesdeparis.es\/principes\/wp-json\/wp\/v2\/tags?post=15429"}],"curies":[{"name":"wp","href":"https:\/\/api.w.org\/{rel}","templated":true}]}}