{"id":15432,"date":"2024-06-06T08:55:29","date_gmt":"2024-06-06T08:55:29","guid":{"rendered":"https:\/\/principesdeparis.es\/principes\/?p=15432"},"modified":"2024-06-06T09:29:20","modified_gmt":"2024-06-06T09:29:20","slug":"el-atletico-incrementa-su-peso-en-el-real-zaragoza-con-fernando-lopez-como-director-general","status":"publish","type":"post","link":"https:\/\/principesdeparis.es\/principes\/el-atletico-incrementa-su-peso-en-el-real-zaragoza-con-fernando-lopez-como-director-general\/","title":{"rendered":"El Atl\u00e9tico incrementa su peso en el Real Zaragoza con Fernando L\u00f3pez como director general"},"content":{"rendered":"<p>El Atl\u00e9tico de Madrid incrementa a\u00fan m\u00e1s su peso administrativo y humano en el Real Zaragoza con el nombramiento de Fernando L\u00f3pez (Madrid (11-05-1986), hombre de m\u00e1xima confianza de Miguel \u00c1ngel Gil Mar\u00edn, como director general en sustituci\u00f3n de Ra\u00fal Sanlleh\u00ed. El nuevo ejecutivo de la instituci\u00f3n aragonesa, CEO del Atl\u00e9tico Ottawa desde 2020, una de las franquicias del equipo colchonero donde milita en la actualidad Alberto Zapater, se suma as\u00ed una al grueso tejido colchonero que reviste el club aragon\u00e9s. El 88% de Global Tavira SL, que controla el 50,1% de las acciones de la compa\u00f1\u00eda Real Z LLC, sociedad que compr\u00f3 el Real Zaragoza, est\u00e1 en manos de Jim\u00e9nez de Parga<strong>, s<\/strong>ecretario del Consejo del Atl\u00e9tico y vicepresidente de Ecija Abogados. Asimismo, los tent\u00e1culos de Miguel \u00c1ngel Gil Mar\u00edn se extienden al consejo de administraci\u00f3n con la presencia de Mariano Aguilar, que a partir de ahora ganara m\u00e1s influencia de la que ya dispon\u00eda en en el \u00e1rea deportiva, y Emilio Cruz. El poder de la toma de decisiones a todos los niveles, si ya no lo estaba,\u00a0 se concentra casi de forma absoluta en Madrid, epicentro de las sinergias.<\/p>\n<p class=\"ft-text\">\u00abCon la incorporaci\u00f3n de Fernando sumamos al proyecto a un profesional altamente cualificado, con gran ambici\u00f3n y exitosa experiencia en la industria del f\u00fatbol a nivel global. Llega sobradamente preparado para afrontar los desaf\u00edos que plantea tanto el presente como el futuro del Real Zaragoza. Estoy convencido de que pondr\u00e1 al servicio de todo el zaragocismo la profesionalidad, el rigor y la pasi\u00f3n por este deporte que le caracterizan\u00bb, comenta Jorge Mas, presidente del Real Zaragoza, en el comunicado emitido por el club.<\/p>\n<p class=\"ft-text\">Fernando L\u00f3pez, licenciado en Administraci\u00f3n y Direcci\u00f3n de empresas, habla as\u00ed de su nueva etapa: \u00a0\u00abEmprendo un reto may\u00fasculo, consciente de llegar a una entidad con 92 a\u00f1os de historia y prestigio. Tambi\u00e9n lo afronto responsabilizado e ilusionado por contribuir al crecimiento del club en todos sus departamentos, con humildad y respeto, y la firme convicci\u00f3n de trabajar concienzudamente para que el Real Zaragoza sea un referente y compita con los mejores\u00bb.<\/p>\n<p class=\"ft-text\">Juan Forc\u00e9n \u00fanico accionista &#8211;ahora consejero&#8211; que se mantuvo en el club cuando en 2022 la familia Alierta, que mostr\u00f3 sus reticencias sobre la venta de su paquete accionarial al grupo propuesto por el empresario aragon\u00e9s y por un Fernando Yarza que se mantiene en las sombras, dej\u00f3 el equipo en manos de los inversores liderados por\u00a0 Jorge Mas como <em>tapadera <\/em>del los aut\u00e9nticos due\u00f1os, ha conseguido que el Real Zaragoza se convierta en una <em>franquicia <\/em>encubierta del Atl\u00e9tico de Madrid.<\/p>\n<p>&nbsp;<\/p>\n<p>&nbsp;<\/p>\n","protected":false},"excerpt":{"rendered":"<p>El Atl\u00e9tico de Madrid incrementa a\u00fan m\u00e1s su peso administrativo y humano en el Real Zaragoza con el nombramiento de Fernando L\u00f3pez (Madrid (11-05-1986), hombre de m\u00e1xima confianza de Miguel \u00c1ngel Gil Mar\u00edn, como director general en sustituci\u00f3n de Ra\u00fal Sanlleh\u00ed. El nuevo ejecutivo de la instituci\u00f3n aragonesa, CEO del <a class=\"read-more\" href=\"https:\/\/principesdeparis.es\/principes\/el-atletico-incrementa-su-peso-en-el-real-zaragoza-con-fernando-lopez-como-director-general\/\">Sigue leyendo<\/a><\/p>\n","protected":false},"author":2,"featured_media":15433,"comment_status":"open","ping_status":"open","sticky":false,"template":"","format":"standard","meta":{"footnotes":""},"categories":[13,1],"tags":[],"class_list":["post-15432","post","type-post","status-publish","format-standard","has-post-thumbnail","hentry","category-publicidad","category-real-zaragoza"],"_links":{"self":[{"href":"https:\/\/principesdeparis.es\/principes\/wp-json\/wp\/v2\/posts\/15432","targetHints":{"allow":["GET"]}}],"collection":[{"href":"https:\/\/principesdeparis.es\/principes\/wp-json\/wp\/v2\/posts"}],"about":[{"href":"https:\/\/principesdeparis.es\/principes\/wp-json\/wp\/v2\/types\/post"}],"author":[{"embeddable":true,"href":"https:\/\/principesdeparis.es\/principes\/wp-json\/wp\/v2\/users\/2"}],"replies":[{"embeddable":true,"href":"https:\/\/principesdeparis.es\/principes\/wp-json\/wp\/v2\/comments?post=15432"}],"version-history":[{"count":8,"href":"https:\/\/principesdeparis.es\/principes\/wp-json\/wp\/v2\/posts\/15432\/revisions"}],"predecessor-version":[{"id":15441,"href":"https:\/\/principesdeparis.es\/principes\/wp-json\/wp\/v2\/posts\/15432\/revisions\/15441"}],"wp:featuredmedia":[{"embeddable":true,"href":"https:\/\/principesdeparis.es\/principes\/wp-json\/wp\/v2\/media\/15433"}],"wp:attachment":[{"href":"https:\/\/principesdeparis.es\/principes\/wp-json\/wp\/v2\/media?parent=15432"}],"wp:term":[{"taxonomy":"category","embeddable":true,"href":"https:\/\/principesdeparis.es\/principes\/wp-json\/wp\/v2\/categories?post=15432"},{"taxonomy":"post_tag","embeddable":true,"href":"https:\/\/principesdeparis.es\/principes\/wp-json\/wp\/v2\/tags?post=15432"}],"curies":[{"name":"wp","href":"https:\/\/api.w.org\/{rel}","templated":true}]}}