{"id":15444,"date":"2024-06-07T16:33:00","date_gmt":"2024-06-07T16:33:00","guid":{"rendered":"https:\/\/principesdeparis.es\/principes\/?p=15444"},"modified":"2024-06-09T09:01:33","modified_gmt":"2024-06-09T09:01:33","slug":"la-dolorosa-realidad","status":"publish","type":"post","link":"https:\/\/principesdeparis.es\/principes\/la-dolorosa-realidad\/","title":{"rendered":"La dolorosa realidad"},"content":{"rendered":"<p style=\"text-align: center;\"><em><strong>V\u00edctor Fern\u00e1ndez, gran beneficiado de un aval emocional, aboga por la limpieza sin sentimentalismos en un Real Zaragoza &#8216;franquicia&#8217; que, ahora mismo, apenas tiene jugadores en plantilla con proyecci\u00f3n de ascenso<\/strong><\/em><\/p>\n<p>Tiene toda la raz\u00f3n del mundo V\u00edctor Fern\u00e1ndez: si el Real Zaragoza aspira a luchar por el ascenso directo, tiene que echar abajo el vestuario y construir uno nuevo, una deducci\u00f3n de pura l\u00f3gica que aun as\u00ed no ser\u00e1 sencilla. De la misma manera, podr\u00eda utilizar el martillo hidr\u00e1ulico consigo mismo, un t\u00e9cnico que desde hace una d\u00e9cada tiene mucha m\u00e1s prensa que fiabilidad. Lo primero est\u00e1 en marcha con Juan Carlos Cordero intentando derribar su propia obra; lo segundo es inviable porque quien maneja los mandos de la cabina es el propio entrenador, blindado precisamente por el sentimentalismo de sus logros del siglo pasado, de esa carga emocional de la que reniega para rehacer un equipo por completo pero que abraza como principal argumento de su continuidad y supuesta jerarqu\u00eda en el proyecto. En cualquier caso, y despu\u00e9s de haber perdido a Ander Herrera como gran referencia futbol\u00edstica y anzuelo para el coraz\u00f3n del aficionado y de jugadores interesados en esta empresa, su plan es el correcto como ratifican los pobres resultados de la campa\u00f1a reci\u00e9n acabada de la que tambi\u00e9n ha formado parte y de la espantosa pol\u00edtica deportiva de cursos anteriores. La inc\u00f3gnita por despejar se centra no tanto en la capacidad de V\u00edctor como comandante sino en descubrir hasta qu\u00e9 punto el club aragon\u00e9s, <em>franquicia<\/em> cada vez menos encubierta del Atl\u00e9tico de Madrid, dispondr\u00e1 de la bendici\u00f3n de Miguel \u00c1ngel Gil y sus s\u00fabditos, los consejeros Mariano Aguilar y Emilio Cruz y el director general, Fernando L\u00f3pez (hoy ha sido presentado a los empleados), para entregar las herramientas adecuadas al director deportivo y al t\u00e9cnico para luchar por el regreso a la \u00e9lite despu\u00e9s de doce a\u00f1os en Segunda. Todo se va a cocer en Madrid, donde la multipropiedad tiene su centro de operaciones.<\/p>\n<p>Confirmado desde el primer momento del desembarco que la nueva Romareda es la joya de la corona del fondo de inversi\u00f3n al que pone rostro institucional y poco m\u00e1s el estadounidense Jorge Mas, objetivo que exig\u00eda una innegociable reducci\u00f3n de la deuda por parte de las administraciones p\u00fablicas y de LaLiga, la punta del iceberg colchonero ha desperdiciado, o despreciado, dos temporadas para configurar un equipo que fuera cogiendo esp\u00edritu de alta competici\u00f3n. El Real Zaragoza ha sido un segundo plato. En este tercer intento, b\u00e1sicamente por la insistencia de la prensa en se\u00f1alar a V\u00edctor como el personaje imprescindible para subir a Primera por la v\u00eda directa, se ha originado un optimismo desbordante. En este punto, habr\u00eda que establecer una duda razonable de cara a ese futuro: si el entrenador, como ya ocurri\u00f3 cuando fue fichado para evitar el descenso por su capacidad para contener y apaciguar un ambiente hostil, no estar\u00eda, consciente o no de ello, siendo utilizado como pieza ilusionante y sobre todo pacificadora en otro proceso sin excesiva ambici\u00f3n. De la reuni\u00f3n de Madrid donde se establecieron algunas pautas, el t\u00e9cnico sali\u00f3 convencido y de la mano de Juan Carlos Cordero, una sociedad sin duda aceptada de malagana por ambos pero a la que deber\u00e1n dar la mayor sinton\u00eda posible en un trayecto se\u00f1alado por la profunda renovaci\u00f3n de la plantilla, que necesitar\u00e1 obligatoriamente el impulso de las sinergias.<\/p>\n<p>\u00bfRenovaci\u00f3n o revoluci\u00f3n? Una mirada fija al ascenso pide una mutaci\u00f3n formidable, lo que implica en primer lugar la negociaci\u00f3n para desprenderse, con acuerdo o por medio de pr\u00e9stamo, de futbolistas con contrato en vigor que han ofrecido un nivel \u00ednfimo. Anunciado el regreso de todos los cedidos a sus or\u00edgenes (Valera, Mollejo, Manu Vallejo, Mouri\u00f1o, Zedadka, Bad\u00eda, Guti), s\u00f3lo el central uruguayo, el portero y el centrocampista canterano tendr\u00edan un lugar en una empresa de m\u00e1xima aspiraci\u00f3n. Los tres, sin embargo, ser\u00e1 muy complicado que vuelvan con un ligera puerta abierta al guardameta, mientras la grave lesi\u00f3n de r\u00f3tula del aragon\u00e9s, con contrato en el Elche hasta 2026, desaconseja un nueva apuesta. El destino del charr\u00faa, seg\u00fan han decidido desde el Metropolitano, le llevar\u00e1 a una categor\u00eda superior para acentuar su crecimiento. La no renovaci\u00f3n de Fran G\u00e1mez ha supuesto el pistoletazo de salida a una planificaci\u00f3n todav\u00eda en pa\u00f1ales. Hab\u00eda cumplido con decoro en un contexto de supervivencia &#8211;15 asistencias&#8211;, pero su adi\u00f3s no supondr\u00e1 un drama. A Cordero le espera otro verano incendiario &#8211;m\u00e1s que el anterior&#8211; para buscar la desvinculaci\u00f3n de Bakis, Poussin, Rebollo, Lecoeuche y Sergi Enrich, es decir de un buen pu\u00f1ado de euros obligatorios para afrontar otras maniobras. La losa de Sabin Merino, vinculado hasta 2025, ser\u00e1 otra piedra en el camino para el director deportivo, y no menos la de Sergio Bermejo.<\/p>\n<p>La incertidumbre, o la certeza, se ha posado en futbolistas como Maikel Mesa, quien pese a sus valiosos 11 goles, ha dejado poca sustancia en el juego colectivo. El tinerfe\u00f1o ya tiene pretendientes y el club le ha puesto precio sin ansiedades por su salida, pr\u00f3ximo al medio mill\u00f3n de euros. Jaume Grau ha consumido su credibilidad en una medular donde Toni Moya ha estado muy por debajo de la presencia que se le supon\u00eda, aunque su calidad y no su regularidad le van a mantener en el grupo de los pocos elegidos, con Llu\u00eds L\u00f3pez en ese alero en el que se mantiene como discontinuo recurso defensivo. En la porter\u00eda hay un problema importante. Rebollo est\u00e1 descartado. No es esa la cuesti\u00f3n m\u00e1s peliaguda. Cristian \u00c1lvarez, con 38 a\u00f1os y una temporada plagada de lesiones, podr\u00eda recibir una llamada de los despachos para explicarle un nuevo rol menos influyente frente a la necesaria renovaci\u00f3n en ese puesto. El excelente arquero argentino se ha ganado por m\u00e9ritos propios el respeto y el cari\u00f1o de la afici\u00f3n y la ciudad. No obstante, hay dudas sobre si volver\u00e1 a ser el mismo, un asunto pendiente y que adem\u00e1s de con delicadeza deber\u00e1 tratarse principalmente en beneficio de la entidad. Fuera de la lucha por la titularidad que viene, sin embargo, resulta dif\u00edcil imaginarle salvo que la naturaleza se lo niegue. Quien no lo tiene m\u00e1s sencillo es otro cl\u00e1sico, Jair Amador, cuyas prestaciones han ido progresivamente a la baja sin mucho margen para el retorno al central poderoso que fue.<\/p>\n<p>Alejandro Franc\u00e9s, mucho m\u00e1s que el ya descartado Ander Herrera en t\u00e9rminos de productividad efectiva a largo plazo, ser\u00eda un de las piezas clave del actual vestuario para ese porvenir colorista. Est\u00e1 con pie y medio fuera en su traves\u00eda natural hacia otras cumbres. Conservarle es un sue\u00f1o y se intentar\u00e1, pero su marcha se antoja inevitable y comprensible. Habr\u00eda que renovarle antes de que se convirtiera en agente libre&#8230; Su venta, establecida en los 12 millones de su cl\u00e1usula pero que se reducir\u00eda bastante, est\u00e1 pr\u00f3xima. De los canteranos, Nieto (muy lejos a\u00fan de su recuperaci\u00f3n), Francho, Aguado y Az\u00f3n finalizan relaci\u00f3n contractual en 2025, por los que sus casos tambi\u00e9n deben ser atendidos con relativa urgencia.\u00a0 \u00bfSon futbolistas con cr\u00e9dito suficiente para tener un sitio en un bloque de altos vuelos? Su condici\u00f3n de aventajados cachorros de la Ciudad Deportiva y, sobre todo, de su incuestionable aportaci\u00f3n durante las \u00faltimas cuatro campa\u00f1as para que el Real Zaragoza est\u00e9 a estas horas en el f\u00fatbol profesional, les otorga un bonus de simpat\u00eda y agradecimiento. No obstante, su millonaria aportaci\u00f3n en cuento a compromiso y esfuerzos sigue pendiente de que suban varios escalones de tecnificaci\u00f3n. El caso de Aguado es distinto. Es un centrocampista con una relaci\u00f3n m\u00e1s cuidada con el bal\u00f3n y con una sensibilidad e interpretaci\u00f3n del juego muy notables. Pero Aguado apenas ha rozado el suficiente en su primera experiencia larga con el primer equipo. Necesita muscular la personalidad que tiene, imponer su capacidad de regidor. Todos ellos, sin duda, encajan como al menos\u00a0 secundarios en un plantel de competici\u00f3n severa. Borge, un lateral cumplidor, firm\u00f3 hasta 2027, al igual que Adri\u00e1n Liso, posiblemente junto a Franc\u00e9s el m\u00e1s preparado para un Real Zaragoza insaciable. Luna, de vuelta del Real Uni\u00f3n, termina relaci\u00f3n en 2026.<\/p>\n<p>Con casi dos meses por delante para que arranque el campeonato, la casa necesita una remodelaci\u00f3n hasta en los cimientos. Acude una vez m\u00e1s la sospecha de que V\u00edctor Fern\u00e1ndez y Juan Carlos Cordero logren reunir una n\u00f3mina de jugadores que solicita de todo: porteros, centrales, laterales, mediocampistas de pulm\u00f3n y m\u00fasculo ancho, extremos por ambas orillas y delanteros con el gol. Con el Atl\u00e9tico de Madrid al mando, el Real Zaragoza se mueve entre interrogantes por mucho que la prensa entusiasta, interesada o confundida cante el Mester de Juglar\u00eda por todos los rincones de la afici\u00f3n.<\/p>\n","protected":false},"excerpt":{"rendered":"<p>V\u00edctor Fern\u00e1ndez, gran beneficiado de un aval emocional, aboga por la limpieza sin sentimentalismos en un Real Zaragoza &#8216;franquicia&#8217; que, ahora mismo, apenas tiene jugadores en plantilla con proyecci\u00f3n de ascenso Tiene toda la raz\u00f3n del mundo V\u00edctor Fern\u00e1ndez: si el Real Zaragoza aspira a luchar por el ascenso directo, <a class=\"read-more\" href=\"https:\/\/principesdeparis.es\/principes\/la-dolorosa-realidad\/\">Sigue leyendo<\/a><\/p>\n","protected":false},"author":2,"featured_media":15445,"comment_status":"open","ping_status":"open","sticky":false,"template":"","format":"standard","meta":{"footnotes":""},"categories":[13,1],"tags":[],"class_list":["post-15444","post","type-post","status-publish","format-standard","has-post-thumbnail","hentry","category-publicidad","category-real-zaragoza"],"_links":{"self":[{"href":"https:\/\/principesdeparis.es\/principes\/wp-json\/wp\/v2\/posts\/15444","targetHints":{"allow":["GET"]}}],"collection":[{"href":"https:\/\/principesdeparis.es\/principes\/wp-json\/wp\/v2\/posts"}],"about":[{"href":"https:\/\/principesdeparis.es\/principes\/wp-json\/wp\/v2\/types\/post"}],"author":[{"embeddable":true,"href":"https:\/\/principesdeparis.es\/principes\/wp-json\/wp\/v2\/users\/2"}],"replies":[{"embeddable":true,"href":"https:\/\/principesdeparis.es\/principes\/wp-json\/wp\/v2\/comments?post=15444"}],"version-history":[{"count":6,"href":"https:\/\/principesdeparis.es\/principes\/wp-json\/wp\/v2\/posts\/15444\/revisions"}],"predecessor-version":[{"id":15451,"href":"https:\/\/principesdeparis.es\/principes\/wp-json\/wp\/v2\/posts\/15444\/revisions\/15451"}],"wp:featuredmedia":[{"embeddable":true,"href":"https:\/\/principesdeparis.es\/principes\/wp-json\/wp\/v2\/media\/15445"}],"wp:attachment":[{"href":"https:\/\/principesdeparis.es\/principes\/wp-json\/wp\/v2\/media?parent=15444"}],"wp:term":[{"taxonomy":"category","embeddable":true,"href":"https:\/\/principesdeparis.es\/principes\/wp-json\/wp\/v2\/categories?post=15444"},{"taxonomy":"post_tag","embeddable":true,"href":"https:\/\/principesdeparis.es\/principes\/wp-json\/wp\/v2\/tags?post=15444"}],"curies":[{"name":"wp","href":"https:\/\/api.w.org\/{rel}","templated":true}]}}