{"id":15506,"date":"2024-06-18T14:04:29","date_gmt":"2024-06-18T14:04:29","guid":{"rendered":"https:\/\/principesdeparis.es\/principes\/?p=15506"},"modified":"2024-06-18T14:04:29","modified_gmt":"2024-06-18T14:04:29","slug":"la-pesca-de-liso-y-el-chapapote-de-jorge-mas","status":"publish","type":"post","link":"https:\/\/principesdeparis.es\/principes\/la-pesca-de-liso-y-el-chapapote-de-jorge-mas\/","title":{"rendered":"La pesca de Liso y el chapapote de Jorge Mas"},"content":{"rendered":"<p style=\"text-align: center;\"><em><strong>La excelente noticia de la renovaci\u00f3n del canterano contrasta con los gestos de un presidente vac\u00edo de sensibilidad hacia Real Zaragoza<\/strong><\/em><\/p>\n<p>Durante estas fechas lo que importa de verdad es lo que est\u00e1 sucediendo en los despachos y las cabezas de V\u00edctor Fern\u00e1ndez y Juan Carlos Cordero. Los obst\u00e1culos y las facilidades que se est\u00e1n encontrando en las negociaciones para optar a los futbolistas que consideran m\u00e1s oportunos para su proyecto. Ayer, cerraron el acuerdo de renovaci\u00f3n con Adri\u00e1n Liso, un chico de la casa con cualidades y calidades dispuesto a ganarse un lugar principal en el equipo la pr\u00f3xima temporada. Fue el primer movimiento de un proceso complejo de reestructuraci\u00f3n de la plantilla, con la puerta abierta para que salgan un gran n\u00famero de sus actuales integrantes y para la entrada de jugadores que, obligatoriamente, han de resultar diferenciales si el objetivo final es estar lo m\u00e1s cerca posible del ascenso. No va a ser sencillo porque se necesitan dos porteros, dos centrales, tres o cuatro laterales, un par de centrocampistas de f\u00edsico africano y esp\u00edritu argentino, un par de extremos a toda pastilla y otra pareja de delanteros, uno de ellos con historial goleador. Hay que aflojar o prescindir de n\u00f3minas fatigosas para cuadrar cuentas y permitir una inversi\u00f3n que en ning\u00fan caso deber\u00eda ser cautelosa. Todo lo contrario. En los \u00faltimos once a\u00f1os, 38 de 66 plazas para subir directa directamente o disputar la promoci\u00f3n han sido copadas por equipos que en cada una de las temporadas figuraban entre las seis plantillas m\u00e1s valoradas en el mercado. El dinero no da la felicidad, pero la aproxima mucho en este deporte.<\/p>\n<p>Desde hace d\u00e9cadas este juego se ha transformado en un negocio m\u00e1s duro que puro. Por eso, result\u00f3 refrescante el anuncio de que Liso, a\u00fan lejos de esa atm\u00f3sfera enviciada y sin escr\u00fapulos incluso con los ni\u00f1os en su m\u00e1s tierna formaci\u00f3n, han sido valorado como se merece. Un golpe de romanticismo no exento del inter\u00e9s de sumar al profesionalismo a un joven con una considerable proyecci\u00f3n. Anoche, gracias al trabajo de los responsables de las redes sociales del club, nos acostamos pescando con \u00e9l, y hoy nos lo hemos encontrado a los pies de la cama d\u00e1ndonos los buenos d\u00edas con su familia y su sonrisa. La desmesura informativa, en este caso, es comprensible por el calado de la operaci\u00f3n y porque no viene mal reactivar la ilusi\u00f3n de la gente mientras se van confirmando fichajes que lo consigan de una forma m\u00e1s rotunda. Tambi\u00e9n porque las noticias, por el momento, escasean. El extremo es una excelente captura, pero el Real Zaragoza tiene que echar las redes sin cesar y en alta mar. La cantera le va a ayudar, si bien un planteamiento de regreso a Primera implica dotar al vestuario de fortaleza mental y experiencia como viga maestra.<\/p>\n<p>Todo esta por ver y certificar. Si la propiedad se va a volcar de una vez con todo y su mejor arsenal para responder a las expectativas de V\u00edctor Fern\u00e1ndez, quien si se ha decidido cumplir con su contrato no es para pasearse por los jardines de la median\u00eda. A la espera de reconocimientos oficiales y en mitad de un oc\u00e9ano inabarcable de intereses ciertos y rumores varios sobre la caza de Juan Carlos Cordero con Mariano Aguilar y Emilo Cruz al quite, nada cambia en el universo de un Jorge Mas que volvi\u00f3 a demostrar su m\u00e1s absoluta insensibilidad hacia la instituci\u00f3n que preside. El d\u00eda de Liso, el Inter Miami publica que ha fichado a Ra\u00fal Sanlleh\u00ed en la \u00faltima y desafortunada sinergia de los despachos. El empresario estadounidense ha sido siempre una figura casi decorativa aun con su aproximado 25 % de Real Z LCC, pero es el rostro bonito elegido por el fondo de inversi\u00f3n. Su presencia en Zaragoza se ha ajustado a momentos muy puntuales, la mayor\u00eda relacionados con la nueva Romareda y la b\u00fasqueda del apoyo de las instituciones. Por lo dem\u00e1s, no ha ejercido como el principal representante de la entidad por la distancia geogr\u00e1fica y, lo peor, por un desapego indisimulado frente sus verdaderas prioridades deportivas.<\/p>\n<p>A Mas, enamorado del Real Madrid desde 1973 como se encarga de record\u00e1rselo en cuanto tiene la oportunidad a Florentino P\u00e9rez, est\u00e1 centrado en su joya de Florida. El primer presidente extranjero de la historia, algo anecd\u00f3tico si atendiera con m\u00e1s proximidad al Real Zaragoza, tiene el derecho de gestionar el Inter como le apetezca o crea m\u00e1s conveniente. Darle un puesto a Ra\u00fal Sanlleh\u00ed en el organigrama es una decisi\u00f3n administrativa que podr\u00eda haberse evitado, y mucho m\u00e1s si subraya el talento del ejecutivo incluyendo en su curr\u00edculum su paso por la capital aragonesa. La mayor\u00eda de las decisiones del ejecutivo en sus dos ejercicios a la cabeza del club blanquillo han sido muy desafortunadas, reflejo de un desconocimiento absoluto de la cultura del equipo y sus realidades y de la mala elecci\u00f3n de sus consejeros.<\/p>\n<p>Ver a Sanlleh\u00ed sonriente en su reencuentro con Messi y otras leyendas blaugranas y como hombre de confianza junto a Mas un par de semanas despu\u00e9s de que se fuera del Real Zaragoza hace da\u00f1o a los ojos del zaragocismo y conduce, ineludiblemente, a pensar que antes de redactar su extensa y dolida carta de despedida ya hab\u00eda metido el pasaporte en la maleta para una huida dorada. Este tipo de gestos proteccionistas manchan la imagen de un grupo que ampara a los suyos por encima incluso de los suyos, si es que el Real Zaragoza lo es. Desde luego, para Jorge Mas ocupa un escal\u00f3n inferior.<\/p>\n","protected":false},"excerpt":{"rendered":"<p>La excelente noticia de la renovaci\u00f3n del canterano contrasta con los gestos de un presidente vac\u00edo de sensibilidad hacia Real Zaragoza Durante estas fechas lo que importa de verdad es lo que est\u00e1 sucediendo en los despachos y las cabezas de V\u00edctor Fern\u00e1ndez y Juan Carlos Cordero. Los obst\u00e1culos y <a class=\"read-more\" href=\"https:\/\/principesdeparis.es\/principes\/la-pesca-de-liso-y-el-chapapote-de-jorge-mas\/\">Sigue leyendo<\/a><\/p>\n","protected":false},"author":2,"featured_media":15507,"comment_status":"open","ping_status":"open","sticky":false,"template":"","format":"standard","meta":{"footnotes":""},"categories":[13,1],"tags":[],"class_list":["post-15506","post","type-post","status-publish","format-standard","has-post-thumbnail","hentry","category-publicidad","category-real-zaragoza"],"_links":{"self":[{"href":"https:\/\/principesdeparis.es\/principes\/wp-json\/wp\/v2\/posts\/15506","targetHints":{"allow":["GET"]}}],"collection":[{"href":"https:\/\/principesdeparis.es\/principes\/wp-json\/wp\/v2\/posts"}],"about":[{"href":"https:\/\/principesdeparis.es\/principes\/wp-json\/wp\/v2\/types\/post"}],"author":[{"embeddable":true,"href":"https:\/\/principesdeparis.es\/principes\/wp-json\/wp\/v2\/users\/2"}],"replies":[{"embeddable":true,"href":"https:\/\/principesdeparis.es\/principes\/wp-json\/wp\/v2\/comments?post=15506"}],"version-history":[{"count":1,"href":"https:\/\/principesdeparis.es\/principes\/wp-json\/wp\/v2\/posts\/15506\/revisions"}],"predecessor-version":[{"id":15508,"href":"https:\/\/principesdeparis.es\/principes\/wp-json\/wp\/v2\/posts\/15506\/revisions\/15508"}],"wp:featuredmedia":[{"embeddable":true,"href":"https:\/\/principesdeparis.es\/principes\/wp-json\/wp\/v2\/media\/15507"}],"wp:attachment":[{"href":"https:\/\/principesdeparis.es\/principes\/wp-json\/wp\/v2\/media?parent=15506"}],"wp:term":[{"taxonomy":"category","embeddable":true,"href":"https:\/\/principesdeparis.es\/principes\/wp-json\/wp\/v2\/categories?post=15506"},{"taxonomy":"post_tag","embeddable":true,"href":"https:\/\/principesdeparis.es\/principes\/wp-json\/wp\/v2\/tags?post=15506"}],"curies":[{"name":"wp","href":"https:\/\/api.w.org\/{rel}","templated":true}]}}