{"id":15555,"date":"2024-06-21T17:47:34","date_gmt":"2024-06-21T17:47:34","guid":{"rendered":"https:\/\/principesdeparis.es\/principes\/?p=15555"},"modified":"2024-06-21T17:47:34","modified_gmt":"2024-06-21T17:47:34","slug":"un-9-sin-apenas-experiencia-en-segunda","status":"publish","type":"post","link":"https:\/\/principesdeparis.es\/principes\/un-9-sin-apenas-experiencia-en-segunda\/","title":{"rendered":"Un &#8216;9&#8217; sin apenas experiencia en Segunda"},"content":{"rendered":"<p dir=\"ltr\">El primer fichaje para la pr\u00f3xima temporada ser\u00e1 un delantero que, a sus 27 a\u00f1os, apenas tiene experiencia en Segunda, lo que en principio se aleja de uno de los principios capitales del nuevo proyecto en cuanto a la adquisici\u00f3n de futbolistas que puedan dotar al equipo de un seguro competitivo suficiente para aspirar al ascenso a Primera . Mario Sober\u00f3n llega como agente libre desde Eldense, el \u00fanico club profesional en\u00a0 el que ha militado en su trayectoria, que comenz\u00f3 en el Racing y sigui\u00f3 en el Amorebieta, el Valladolid Promesas, el Atl\u00e9tico Levante y el Logro\u00f1\u00e9s, todos integrantes de 1\u00ba RFEF. El jugador de Unquera (Cantabria) consigui\u00f3 la pasada temporada con el cuadro alicantino, con el que hab\u00eda ascendido en el curso anterior gracias en\u00a0 parte a su capacidad realizadora, nueve goles y cuatro asistencias, una cifras interesantes para la categor\u00eda a la espera que pueda garantizar en el conjunto aragon\u00e9s un rendimiento similar o superior.<\/p>\n<p dir=\"ltr\">Se trata por tanto de un contrataci\u00f3n experimental, un primer movimiento de riesgo para una posici\u00f3n maldita durante los \u00faltimos cuatro ejercicios.\u00a0 El ariete, que tambi\u00e9n puede jugar en banda, se incorporar\u00e1 al Real Zaragoza el pr\u00f3ximo 1 de julio a la espera del pertinente reconocimiento m\u00e9dico. Sober\u00f3n llega como la primera pieza de la remodelaci\u00f3n de una l\u00ednea atacante donde Bakis, Manu Vallejo y Sergi Enrich han decepcionado mientras Juan Carlos Cordero busca una salida para el turco, que se qued\u00f3 sin firmar una sola diana pese a su condici\u00f3n de fichaje estrella en lo deportivo y lo econ\u00f3mico, y para\u00a0 el punta balear. Al final, Iv\u00e1n Az\u00f3n, el \u00fanico de esa parcela que podr\u00eda tener continuidad en la plantilla, fue el m\u00e1ximo artillero con cinco dianas.<\/p>\n<p dir=\"ltr\">\n<p dir=\"ltr\">\n","protected":false},"excerpt":{"rendered":"<p>El primer fichaje para la pr\u00f3xima temporada ser\u00e1 un delantero que, a sus 27 a\u00f1os, apenas tiene experiencia en Segunda, lo que en principio se aleja de uno de los principios capitales del nuevo proyecto en cuanto a la adquisici\u00f3n de futbolistas que puedan dotar al equipo de un seguro <a class=\"read-more\" href=\"https:\/\/principesdeparis.es\/principes\/un-9-sin-apenas-experiencia-en-segunda\/\">Sigue leyendo<\/a><\/p>\n","protected":false},"author":2,"featured_media":15556,"comment_status":"open","ping_status":"open","sticky":false,"template":"","format":"standard","meta":{"footnotes":""},"categories":[13,1],"tags":[],"class_list":["post-15555","post","type-post","status-publish","format-standard","has-post-thumbnail","hentry","category-publicidad","category-real-zaragoza"],"_links":{"self":[{"href":"https:\/\/principesdeparis.es\/principes\/wp-json\/wp\/v2\/posts\/15555","targetHints":{"allow":["GET"]}}],"collection":[{"href":"https:\/\/principesdeparis.es\/principes\/wp-json\/wp\/v2\/posts"}],"about":[{"href":"https:\/\/principesdeparis.es\/principes\/wp-json\/wp\/v2\/types\/post"}],"author":[{"embeddable":true,"href":"https:\/\/principesdeparis.es\/principes\/wp-json\/wp\/v2\/users\/2"}],"replies":[{"embeddable":true,"href":"https:\/\/principesdeparis.es\/principes\/wp-json\/wp\/v2\/comments?post=15555"}],"version-history":[{"count":1,"href":"https:\/\/principesdeparis.es\/principes\/wp-json\/wp\/v2\/posts\/15555\/revisions"}],"predecessor-version":[{"id":15557,"href":"https:\/\/principesdeparis.es\/principes\/wp-json\/wp\/v2\/posts\/15555\/revisions\/15557"}],"wp:featuredmedia":[{"embeddable":true,"href":"https:\/\/principesdeparis.es\/principes\/wp-json\/wp\/v2\/media\/15556"}],"wp:attachment":[{"href":"https:\/\/principesdeparis.es\/principes\/wp-json\/wp\/v2\/media?parent=15555"}],"wp:term":[{"taxonomy":"category","embeddable":true,"href":"https:\/\/principesdeparis.es\/principes\/wp-json\/wp\/v2\/categories?post=15555"},{"taxonomy":"post_tag","embeddable":true,"href":"https:\/\/principesdeparis.es\/principes\/wp-json\/wp\/v2\/tags?post=15555"}],"curies":[{"name":"wp","href":"https:\/\/api.w.org\/{rel}","templated":true}]}}