{"id":15561,"date":"2024-06-22T16:39:02","date_gmt":"2024-06-22T16:39:02","guid":{"rendered":"https:\/\/principesdeparis.es\/principes\/?p=15561"},"modified":"2024-06-22T17:20:57","modified_gmt":"2024-06-22T17:20:57","slug":"femenias-viene-a-una-porteria-en-llamas","status":"publish","type":"post","link":"https:\/\/principesdeparis.es\/principes\/femenias-viene-a-una-porteria-en-llamas\/","title":{"rendered":"Femen\u00edas viene a una porter\u00eda en llamas"},"content":{"rendered":"<p dir=\"ltr\" style=\"text-align: center;\"><em><strong>El Real Zaragoza ficha al portero balear por dos temporadas en medio de una tormenta sin resolver en ese puesto por las lesiones de Cristian y las salidas deseadas de Poussin y Rebollo<\/strong><\/em><\/p>\n<p dir=\"ltr\">El Real Zaragoza ha llegado a un principio de acuerdo para las dos pr\u00f3ximas temporadas con el guardameta balear de 27 a\u00f1os Joan Femen\u00edas Del Salto (Manacor, 19 de agosto de 1996)\u00a0 a la espera del reconocimiento m\u00e9dico para su incorporaci\u00f3n al conjunto aragon\u00e9s a partir del 1 de julio. El portero se convierte en el segundo fichaje de cara a la temporada 2024-2025, tambi\u00e9n a coste cero, tras la contrataci\u00f3n del delantero Mario Sober\u00f3n (las dos noticias adelantadas por el Peri\u00f3dico de Arag\u00f3n) y viene a cubrir una posici\u00f3n muy deteriora durante el curso anterior por las lesiones de Cristian que podr\u00edan relegarle a un segundo plano en el futuro y el bajo rendimiento ofrecido por Poussin y Rebollo, a quienes se les busca una salida.<\/p>\n<p dir=\"ltr\">Con Bad\u00eda en la salsa de espera para su posible incorporaci\u00f3n desde el Elche en funci\u00f3n de lo que pida el club ilicitano por rescindir el contratao hasta 2025, la porter\u00eda del conjunto aragon\u00e9s est\u00e1 inmersa en un incendio silencioso en este verano que ya empieza a mostrar pinceladas de lo que puede ser el proyecto de Juan Carlos Cordero y V\u00edctor Fern\u00e1ndez.\u00a0 El papel que desempe\u00f1ar\u00e1 el manacor\u00ed, quien en su carrera tuvo sus mejores d\u00edas y participaci\u00f3n en dos temporadas en el Oviedo (20-21 y 21-22) con una presencia pobre pero intensa en los playoffs de ascenso en el Levante estas dos \u00faltimas campa\u00f1as, es ahora mismo una inc\u00f3gnita y depender\u00e1 de lo que suceda en las diferentes conversaciones y operaciones que se est\u00e1n realizando para aligerar un puesto que necesita savia fresca y competente.<\/p>\n<p dir=\"ltr\">La aparente intenci\u00f3n del cuerpo t\u00e9cnico y del entrenador es asegurar cuanto antes una porter\u00eda quebrada por diferentes circunstancias. Femen\u00edas podr\u00eda tener un papel protagonista o no en funci\u00f3n de la decisi\u00f3n que se adopte con Cristian, a quien a\u00fan le resta un ejercicio m\u00e1s de contrato y s\u00f3lo piensa en seguir, y si se confirma la adquisici\u00f3n de Bad\u00eda, un meta que dej\u00f3 un buen sabor de boca tras llegar cedido y cerrar con buenas y notables actuaciones el debate abierto en el puesto. La intenci\u00f3n del argentino pese a sus 38 a\u00f1os y un curso maltratado por las lesiones es postularse una nueva vez para titular. Sin embargo, Cordero y V\u00edctor, el primero en avivar la pol\u00e9mica cuando prescindi\u00f3 de Bad\u00eda a favor de Cristian para por obligaci\u00f3n volver a recurrir al catal\u00e1n, deshojan ese dilema, si seguir confiando en \u00e9l o dejarle al margen del foco que ocupa desde que llegar\u00e1 en 2017.<\/p>\n<p dir=\"ltr\">El peso que se ha ganado Cristian en el vestuario y en la ciudad animan a que prolonguen su leyenda o al menos lo intente, pero la apuesta en firme por Femen\u00edas y a la expectativa de lo que ocurra con Bad\u00eda indican que el rosarino estar\u00eda lejos de contar para los planes iniciales del t\u00e9cnico. La cuesti\u00f3n es saber si V\u00edctor estar\u00eda dispuesto a convivir con esa presi\u00f3n o con una ventaja teniendo en cuenta que Cristian, si no regresara a la enfermer\u00eda, volver\u00eda a ser uno de los mejores arqueros de Segunda. En el supuesto de lograr la coexistencia de los tres, la porter\u00eda quedar\u00eda muy bien vestida.<\/p>\n<p dir=\"ltr\"><em>Foto: LUIS MANSO<\/em><\/p>\n<blockquote class=\"twitter-tweet\">\n<p dir=\"ltr\" lang=\"es\">\u0301<\/p>\n<p>\u00a1Principio de acuerdo con <a href=\"https:\/\/twitter.com\/joanfeme1?ref_src=twsrc%5Etfw\">@joanfeme1<\/a> para las pr\u00f3ximas dos temporadas! <a href=\"https:\/\/t.co\/FX8nln0Ixw\">pic.twitter.com\/FX8nln0Ixw<\/a><\/p>\n<p>\u2014 Real Zaragoza (@RealZaragoza) <a href=\"https:\/\/twitter.com\/RealZaragoza\/status\/1804548652037464224?ref_src=twsrc%5Etfw\">June 22, 2024<\/a><\/p><\/blockquote>\n<p><script async src=\"https:\/\/platform.twitter.com\/widgets.js\" charset=\"utf-8\"><\/script><\/p>\n","protected":false},"excerpt":{"rendered":"<p>El Real Zaragoza ficha al portero balear por dos temporadas en medio de una tormenta sin resolver en ese puesto por las lesiones de Cristian y las salidas deseadas de Poussin y Rebollo El Real Zaragoza ha llegado a un principio de acuerdo para las dos pr\u00f3ximas temporadas con el <a class=\"read-more\" href=\"https:\/\/principesdeparis.es\/principes\/femenias-viene-a-una-porteria-en-llamas\/\">Sigue leyendo<\/a><\/p>\n","protected":false},"author":2,"featured_media":15562,"comment_status":"open","ping_status":"open","sticky":false,"template":"","format":"standard","meta":{"footnotes":""},"categories":[13,1],"tags":[],"class_list":["post-15561","post","type-post","status-publish","format-standard","has-post-thumbnail","hentry","category-publicidad","category-real-zaragoza"],"_links":{"self":[{"href":"https:\/\/principesdeparis.es\/principes\/wp-json\/wp\/v2\/posts\/15561","targetHints":{"allow":["GET"]}}],"collection":[{"href":"https:\/\/principesdeparis.es\/principes\/wp-json\/wp\/v2\/posts"}],"about":[{"href":"https:\/\/principesdeparis.es\/principes\/wp-json\/wp\/v2\/types\/post"}],"author":[{"embeddable":true,"href":"https:\/\/principesdeparis.es\/principes\/wp-json\/wp\/v2\/users\/2"}],"replies":[{"embeddable":true,"href":"https:\/\/principesdeparis.es\/principes\/wp-json\/wp\/v2\/comments?post=15561"}],"version-history":[{"count":8,"href":"https:\/\/principesdeparis.es\/principes\/wp-json\/wp\/v2\/posts\/15561\/revisions"}],"predecessor-version":[{"id":15570,"href":"https:\/\/principesdeparis.es\/principes\/wp-json\/wp\/v2\/posts\/15561\/revisions\/15570"}],"wp:featuredmedia":[{"embeddable":true,"href":"https:\/\/principesdeparis.es\/principes\/wp-json\/wp\/v2\/media\/15562"}],"wp:attachment":[{"href":"https:\/\/principesdeparis.es\/principes\/wp-json\/wp\/v2\/media?parent=15561"}],"wp:term":[{"taxonomy":"category","embeddable":true,"href":"https:\/\/principesdeparis.es\/principes\/wp-json\/wp\/v2\/categories?post=15561"},{"taxonomy":"post_tag","embeddable":true,"href":"https:\/\/principesdeparis.es\/principes\/wp-json\/wp\/v2\/tags?post=15561"}],"curies":[{"name":"wp","href":"https:\/\/api.w.org\/{rel}","templated":true}]}}