{"id":15571,"date":"2024-06-24T15:23:14","date_gmt":"2024-06-24T15:23:14","guid":{"rendered":"https:\/\/principesdeparis.es\/principes\/?p=15571"},"modified":"2024-06-24T15:26:12","modified_gmt":"2024-06-24T15:26:12","slug":"el-viejo-sigue-siendo-el-mejor","status":"publish","type":"post","link":"https:\/\/principesdeparis.es\/principes\/el-viejo-sigue-siendo-el-mejor\/","title":{"rendered":"El viejo sigue siendo el mejor"},"content":{"rendered":"<p style=\"text-align: center;\"><em><strong>Los informativos tras el biombo sit\u00faan a Cristian y sus 38 a\u00f1os con un pie fuera y el otro en la plaza de tercer guardameta o en el homenaje sin que nadie se haya pronunciado sobre el futuro del, por ahora, guardameta m\u00e1s destacado<\/strong><\/em><\/p>\n<p>El Real Zaragoza va adquiriendo futbolistas de fondo de armario. Ahora le falta precisamente el armario, que se supone se corresponder\u00e1 con la lujosa promesa de construirlo con la madera noble necesaria para que destaque sobre el resto en la lucha por el ascenso. Hay que creer porque no queda m\u00e1s remedio, sin excesivos argumentos todav\u00eda, so\u00f1ando por decimosegunda temporada consecutiva en que los propietarios dejen de mirarse el ombligo inmobiliario y reconozcan con hechos al equipo como parte de sus intereses. Por el momento y tras el patinazo con Ander Herrera, nadie sale de la madriguera, ni para explicar el pasado aunque sea por fariseo protocolo ni para confirmar que el proyecto apunta a la cima de la clasificaci\u00f3n. Han llegado Sober\u00f3n y Femen\u00edas, dos complementos, y en las oficinas se trabaja para dar entradas y salidas que permitan cambiar lo m\u00e1ximo posible el rostro competitivo del vestuario. El despacho de Juan Carlos Cordero tiene que ser un manicomio, y no habr\u00e1 bater\u00edas suficientes en el mercado para su tel\u00e9fono m\u00f3vil.<\/p>\n<p>En esta operaci\u00f3n de embarcos y desembarcos en la plantilla, Cristian \u00c1lvarez se ha ganado un protagonismo insano sin que nadie se halla pronunciado sobre su futuro, ni el entrenador, ni el director deportivo, ni el portero. Aun as\u00ed, el argentino sale en los informativos con un pie fuera y el otro en la plaza de tercer guardameta. Esta maniobra es muy antigua en el f\u00fatbol: se difunden detr\u00e1s del biombo una serie de rumores para tomar la temperatura del aficionado y, en funci\u00f3n del resultado de la encuesta oficiosa, se apoya una decisi\u00f3n final. El rosarino, con contrato hasta 2025, tiene 38 a\u00f1os, ha sufrido tres lesiones que le han dejado fuera casi por completo esta temporada y, como es l\u00f3gico y ya se intent\u00f3 el curso pasado, se le est\u00e1 buscando heredero por si persistieran sus dolencias. La opini\u00f3n popular, sin conocer parte m\u00e9dico alguno que aconseje una negociaci\u00f3n para rescindir su salida, ya se va decantando por Edgar Bad\u00eda, objetivo del Real Zaragoza para hacerse con la titularidad con Femen\u00edas de escolta. Y lo peor, se est\u00e1 estableciendo un juicio sobre la vejez del argentino y sus achaques adem\u00e1s de una corriente que apela a la dignidad y la humanidad para darle una salida honrosa a alguien sin quien el club, posiblemente, estar\u00eda fuera del f\u00fatbol profesional.<\/p>\n<p>Que se haya convertido en una leyenda y que fuera nombrado Hijo Adoptivo de la Ciudad por sus haza\u00f1as y comportamiento no son avales para eternizar a un jugador si ya no es v\u00e1lido. \u00bfPero qui\u00e9n tiene la certeza de que Cristian est\u00e9 poco menos que acabado? Y si es as\u00ed, por qu\u00e9 no se evita esta letan\u00eda, y aqu\u00ed si debe entrar el coraz\u00f3n y la sensibilidad con un personaje tan querido, y se afronta la cuesti\u00f3n de cara y cuanto antes, no por efecto rebote de las especulaciones. El tema es muy delicado, pero llevarlo al alargue no es beneficioso para nadie. \u00bfQu\u00e9 ocurrir\u00eda si Bad\u00eda no recala en La Romareda? \u00bfSe est\u00e1 esperando al cierre de esa negociaci\u00f3n con el Elche? \u00bfY si, por un casual, Cristian tuviese que comenzar la campa\u00f1a en la porter\u00eda? \u00bfPermitir\u00e1 V\u00edctor que una personalidad tan fuerte se siente cada fin de semana a sus espaldas? Las preguntas se agolpan entorno a la figura de un profesional a quien es dif\u00edcil imaginar despedido con otro show <em>made in MLS<\/em>, o metido a entrenador de porteros. Su car\u00e1cter no se lo permitir\u00eda. En cualquier caso, como dijo aquel, a lo mejor de presidente&#8230;<\/p>\n<p>Siempre hay que medir los tiempos con futbolistas de su significado se cual sea la resoluci\u00f3n final, pero no tanto porque lo \u00fanico que se est\u00e1 consiguiendo es que la gente le saque de la foto antes de que se dispare el obturador. Quiz\u00e1s es lo que se est\u00e1 buscando. De esta forma las famosas medidas dolorosas lo son menos para el ejecutor. Con lo bien que quedar\u00eda un retrato de Cristian volando hacia la escuadra en la primera jornada. Porque mientras no se demuestre lo contrario con luz, taqu\u00edgrafos y doctores, el viejo sigue siendo el mejor.<\/p>\n","protected":false},"excerpt":{"rendered":"<p>Los informativos tras el biombo sit\u00faan a Cristian y sus 38 a\u00f1os con un pie fuera y el otro en la plaza de tercer guardameta o en el homenaje sin que nadie se haya pronunciado sobre el futuro del, por ahora, guardameta m\u00e1s destacado El Real Zaragoza va adquiriendo futbolistas <a class=\"read-more\" href=\"https:\/\/principesdeparis.es\/principes\/el-viejo-sigue-siendo-el-mejor\/\">Sigue leyendo<\/a><\/p>\n","protected":false},"author":2,"featured_media":15572,"comment_status":"open","ping_status":"open","sticky":false,"template":"","format":"standard","meta":{"footnotes":""},"categories":[13,1],"tags":[],"class_list":["post-15571","post","type-post","status-publish","format-standard","has-post-thumbnail","hentry","category-publicidad","category-real-zaragoza"],"_links":{"self":[{"href":"https:\/\/principesdeparis.es\/principes\/wp-json\/wp\/v2\/posts\/15571","targetHints":{"allow":["GET"]}}],"collection":[{"href":"https:\/\/principesdeparis.es\/principes\/wp-json\/wp\/v2\/posts"}],"about":[{"href":"https:\/\/principesdeparis.es\/principes\/wp-json\/wp\/v2\/types\/post"}],"author":[{"embeddable":true,"href":"https:\/\/principesdeparis.es\/principes\/wp-json\/wp\/v2\/users\/2"}],"replies":[{"embeddable":true,"href":"https:\/\/principesdeparis.es\/principes\/wp-json\/wp\/v2\/comments?post=15571"}],"version-history":[{"count":2,"href":"https:\/\/principesdeparis.es\/principes\/wp-json\/wp\/v2\/posts\/15571\/revisions"}],"predecessor-version":[{"id":15574,"href":"https:\/\/principesdeparis.es\/principes\/wp-json\/wp\/v2\/posts\/15571\/revisions\/15574"}],"wp:featuredmedia":[{"embeddable":true,"href":"https:\/\/principesdeparis.es\/principes\/wp-json\/wp\/v2\/media\/15572"}],"wp:attachment":[{"href":"https:\/\/principesdeparis.es\/principes\/wp-json\/wp\/v2\/media?parent=15571"}],"wp:term":[{"taxonomy":"category","embeddable":true,"href":"https:\/\/principesdeparis.es\/principes\/wp-json\/wp\/v2\/categories?post=15571"},{"taxonomy":"post_tag","embeddable":true,"href":"https:\/\/principesdeparis.es\/principes\/wp-json\/wp\/v2\/tags?post=15571"}],"curies":[{"name":"wp","href":"https:\/\/api.w.org\/{rel}","templated":true}]}}