{"id":15575,"date":"2024-06-25T14:20:20","date_gmt":"2024-06-25T14:20:20","guid":{"rendered":"https:\/\/principesdeparis.es\/principes\/?p=15575"},"modified":"2024-06-25T15:10:05","modified_gmt":"2024-06-25T15:10:05","slug":"cristian-trabaja-para-la-titularidad","status":"publish","type":"post","link":"https:\/\/principesdeparis.es\/principes\/cristian-trabaja-para-la-titularidad\/","title":{"rendered":"Cristian despeja dudas: trabaja para la titularidad"},"content":{"rendered":"<p>Cristian \u00c1lvarez ha publicado hoy una fotograf\u00eda y un texto en su cuenta de Instagram para transmitir un mensaje claro: el argentino, pese a las hip\u00f3tesis vertidas sobre un posible acuerdo para rescindir el contrato que le resta hasta el 2025, la posibilidad de que vaya a ser relegado al tercer escal\u00f3n de la porter\u00eda en el caso de que el club fiche a Bad\u00eda con Femen\u00edas ya en n\u00f3mina o que le sea ofrecido otro tipo de opci\u00f3n administrativa, piensa en luchar por la titularidad con el objetivo de devolver al Real Zaragoza a Primera Divisi\u00f3n.\u00a0 El guardameta, a quien se le ve trabajando esta misma ma\u00f1ana, explica que har\u00e1 todo lo posible para cumplir el a\u00f1o que le resta con \u00abtrabajo\u00bb, lo \u00fanico que \u00abpuedo controlar\u00bb.<\/p>\n<p>El rosarino ha utilizado este red con la sutileza que le caracteriza y, sin duda, como herramienta para comunicar si no contrarrestar la campa\u00f1a no oficial que se ha iniciado para extirparle de la plantilla para la pr\u00f3xima temporada por considerarse que f\u00edsicamente ya no es apto para competir por la porter\u00eda. Cristian sufri\u00f3 tres lesiones musculares, con reca\u00edda incluida, la pasada campa\u00f1a y disput\u00f3 tan s\u00f3lo 13 partidos.\u00a0 No se ha hecho p\u00fablico ning\u00fan informe m\u00e9dico que recomiende prescindir de sus servicios y tampoco se le ha comunicado que sus 38 a\u00f1os sean un obst\u00e1culo insalvable para su continuidad. Juan Carlos Cordero y V\u00edctor Fern\u00e1ndez han considerado oportuno, con buen criterio, reforzar la posici\u00f3n con una doble apuesta pendiente de confirmar la de Bad\u00eda, y en ese contexto la figura de Cristian ha sido presentada como un elemento discordante.<\/p>\n<p>El futbolista ha actuado con elegancia humana y profesional y con el derecho que le otorga su vigente relaci\u00f3n contractual. El argentino no va a establecer ning\u00fan tipo de negociaci\u00f3n que no sea la de incorporarse a la pretemporada el 8 de julio con el resto de sus compa\u00f1eros y demostrar que todav\u00eda est\u00e1 en condiciones de, al menos, postularse por ser el elegido. Si el director deportivo o el entrenador tienen otra idea, como as\u00ed parece por sus movimientos en el mercado y por c\u00f3mo han dejado que terceras voces hablen por ellos, deber\u00e1n dirigirse al interesado, legitimado a defender su puesto laboral, la n\u00f3mina que le corresponde y su ilusi\u00f3n deportiva. No le hicieron Hijo Adoptivo de la Ciudad por cualquier cosa. Resistir\u00e1 o caer\u00e1 este caballero, pero lo har\u00e1 de cara.<\/p>\n<p><strong>Texto publicado por Cristian<\/strong><\/p>\n<p>\u00abUno solo puede controlar lo que esta en su mano, en la m\u00eda esta el trabajo, la constancia, el entregarme por completo a una ilusi\u00f3n, a un sue\u00f1o, a lo que siento y me sale del coraz\u00f3n y eso sigue siendo que volemos juntos hac\u00eda el lugar del que nunca debimos marchar. As\u00ed lo hice, as\u00ed lo hago y as\u00ed lo har\u00e9. Porque ayer, hoy, ma\u00f1ana y SIEMPRE SIEMPRE SIEMPRE por encima de todo y de todos SIEMPRE ZARAGOZA.<br \/>\n&#x1f499;24\/25&#x1f90d;<\/p>\n<blockquote class=\"instagram-media\" style=\"background: #FFF; border: 0; border-radius: 3px; box-shadow: 0 0 1px 0 rgba(0,0,0,0.5),0 1px 10px 0 rgba(0,0,0,0.15); margin: 1px; max-width: 540px; min-width: 326px; padding: 0; width: calc(100% - 2px);\" data-instgrm-captioned=\"\" data-instgrm-permalink=\"https:\/\/www.instagram.com\/p\/C8o7hmYuXz6\/?utm_source=ig_embed&amp;utm_campaign=loading\" data-instgrm-version=\"14\">\n<div style=\"padding: 16px;\">\n<p>&nbsp;<\/p>\n<div style=\"display: flex; flex-direction: row; align-items: center;\">\n<div style=\"background-color: #f4f4f4; border-radius: 50%; flex-grow: 0; height: 40px; margin-right: 14px; width: 40px;\"><\/div>\n<div style=\"display: flex; flex-direction: column; flex-grow: 1; justify-content: center;\">\n<div style=\"background-color: #f4f4f4; border-radius: 4px; flex-grow: 0; height: 14px; margin-bottom: 6px; width: 100px;\"><\/div>\n<div style=\"background-color: #f4f4f4; border-radius: 4px; flex-grow: 0; height: 14px; width: 60px;\"><\/div>\n<\/div>\n<\/div>\n<div style=\"padding: 19% 0;\"><\/div>\n<div style=\"display: block; height: 50px; margin: 0 auto 12px; width: 50px;\"><\/div>\n<div style=\"padding-top: 8px;\">\n<div style=\"color: #3897f0; font-family: Arial,sans-serif; font-size: 14px; font-style: normal; font-weight: 550; line-height: 18px;\">Ver esta publicaci\u00f3n en Instagram<\/div>\n<\/div>\n<div style=\"padding: 12.5% 0;\"><\/div>\n<div style=\"display: flex; flex-direction: row; margin-bottom: 14px; align-items: center;\">\n<div>\n<div style=\"background-color: #f4f4f4; border-radius: 50%; height: 12.5px; width: 12.5px; transform: translateX(0px) translateY(7px);\"><\/div>\n<div style=\"background-color: #f4f4f4; height: 12.5px; transform: rotate(-45deg) translateX(3px) translateY(1px); width: 12.5px; flex-grow: 0; margin-right: 14px; margin-left: 2px;\"><\/div>\n<div style=\"background-color: #f4f4f4; border-radius: 50%; height: 12.5px; width: 12.5px; transform: translateX(9px) translateY(-18px);\"><\/div>\n<\/div>\n<div style=\"margin-left: 8px;\">\n<div style=\"background-color: #f4f4f4; border-radius: 50%; flex-grow: 0; height: 20px; width: 20px;\"><\/div>\n<div style=\"width: 0; height: 0; border-top: 2px solid transparent; border-left: 6px solid #f4f4f4; border-bottom: 2px solid transparent; transform: translateX(16px) translateY(-4px) rotate(30deg);\"><\/div>\n<\/div>\n<div style=\"margin-left: auto;\">\n<div style=\"width: 0px; border-top: 8px solid #F4F4F4; border-right: 8px solid transparent; transform: translateY(16px);\"><\/div>\n<div style=\"background-color: #f4f4f4; flex-grow: 0; height: 12px; width: 16px; transform: translateY(-4px);\"><\/div>\n<div style=\"width: 0; height: 0; border-top: 8px solid #F4F4F4; border-left: 8px solid transparent; transform: translateY(-4px) translateX(8px);\"><\/div>\n<\/div>\n<\/div>\n<div style=\"display: flex; flex-direction: column; flex-grow: 1; justify-content: center; margin-bottom: 24px;\">\n<div style=\"background-color: #f4f4f4; border-radius: 4px; flex-grow: 0; height: 14px; margin-bottom: 6px; width: 224px;\"><\/div>\n<div style=\"background-color: #f4f4f4; border-radius: 4px; flex-grow: 0; height: 14px; width: 144px;\"><\/div>\n<\/div>\n<p>&nbsp;<\/p>\n<p style=\"color: #c9c8cd; font-family: Arial,sans-serif; font-size: 14px; line-height: 17px; margin-bottom: 0; margin-top: 8px; overflow: hidden; padding: 8px 0 7px; text-align: center; text-overflow: ellipsis; white-space: nowrap;\"><a style=\"color: #c9c8cd; font-family: Arial,sans-serif; font-size: 14px; font-style: normal; font-weight: normal; line-height: 17px; text-decoration: none;\" href=\"https:\/\/www.instagram.com\/p\/C8o7hmYuXz6\/?utm_source=ig_embed&amp;utm_campaign=loading\" target=\"_blank\" rel=\"noopener\">Una publicaci\u00f3n compartida por Cristian Dario (@alvarez1cristian)<\/a><\/p>\n<\/div>\n<\/blockquote>\n<p><script async src=\"\/\/www.instagram.com\/embed.js\"><\/script><\/p>\n","protected":false},"excerpt":{"rendered":"<p>Cristian \u00c1lvarez ha publicado hoy una fotograf\u00eda y un texto en su cuenta de Instagram para transmitir un mensaje claro: el argentino, pese a las hip\u00f3tesis vertidas sobre un posible acuerdo para rescindir el contrato que le resta hasta el 2025, la posibilidad de que vaya a ser relegado al <a class=\"read-more\" href=\"https:\/\/principesdeparis.es\/principes\/cristian-trabaja-para-la-titularidad\/\">Sigue leyendo<\/a><\/p>\n","protected":false},"author":2,"featured_media":15576,"comment_status":"open","ping_status":"open","sticky":false,"template":"","format":"standard","meta":{"footnotes":""},"categories":[13,1],"tags":[],"class_list":["post-15575","post","type-post","status-publish","format-standard","has-post-thumbnail","hentry","category-publicidad","category-real-zaragoza"],"_links":{"self":[{"href":"https:\/\/principesdeparis.es\/principes\/wp-json\/wp\/v2\/posts\/15575","targetHints":{"allow":["GET"]}}],"collection":[{"href":"https:\/\/principesdeparis.es\/principes\/wp-json\/wp\/v2\/posts"}],"about":[{"href":"https:\/\/principesdeparis.es\/principes\/wp-json\/wp\/v2\/types\/post"}],"author":[{"embeddable":true,"href":"https:\/\/principesdeparis.es\/principes\/wp-json\/wp\/v2\/users\/2"}],"replies":[{"embeddable":true,"href":"https:\/\/principesdeparis.es\/principes\/wp-json\/wp\/v2\/comments?post=15575"}],"version-history":[{"count":12,"href":"https:\/\/principesdeparis.es\/principes\/wp-json\/wp\/v2\/posts\/15575\/revisions"}],"predecessor-version":[{"id":15588,"href":"https:\/\/principesdeparis.es\/principes\/wp-json\/wp\/v2\/posts\/15575\/revisions\/15588"}],"wp:featuredmedia":[{"embeddable":true,"href":"https:\/\/principesdeparis.es\/principes\/wp-json\/wp\/v2\/media\/15576"}],"wp:attachment":[{"href":"https:\/\/principesdeparis.es\/principes\/wp-json\/wp\/v2\/media?parent=15575"}],"wp:term":[{"taxonomy":"category","embeddable":true,"href":"https:\/\/principesdeparis.es\/principes\/wp-json\/wp\/v2\/categories?post=15575"},{"taxonomy":"post_tag","embeddable":true,"href":"https:\/\/principesdeparis.es\/principes\/wp-json\/wp\/v2\/tags?post=15575"}],"curies":[{"name":"wp","href":"https:\/\/api.w.org\/{rel}","templated":true}]}}