{"id":15597,"date":"2024-06-26T14:06:35","date_gmt":"2024-06-26T14:06:35","guid":{"rendered":"https:\/\/principesdeparis.es\/principes\/?p=15597"},"modified":"2024-06-26T14:52:49","modified_gmt":"2024-06-26T14:52:49","slug":"el-real-zaragoza-se-estrena-en-cadiz","status":"publish","type":"post","link":"https:\/\/principesdeparis.es\/principes\/el-real-zaragoza-se-estrena-en-cadiz\/","title":{"rendered":"El Real Zaragoza se estrena en C\u00e1diz"},"content":{"rendered":"<p>El Real Zaragoza comenzar\u00e1 la competici\u00f3n 2024-2025 contra un reci\u00e9n descendido, el C\u00e1diz en el Nuevo Mirandilla el fin de semana del 18 de agosto. Al haber solicitado jugar fuera de casa las tres primeras jornadas como consecuencia de las obras en La Romareda, las dos siguientes las disputar\u00e1 contra el Cartagena en el Nuevo Cartagonova y en Anduva frente al Mirand\u00e9s.\u00a0 El primer partido en casa ser\u00e1 ante el Elche en la cuarta jornada, mientras que el \u00faltimo le medir\u00e1 al Castell\u00f3n en Castalia, mientras que los duelos regionales con el Huesca tendr\u00e1n lugar los fines de semana del 10 de noviembre en el Alcoraz y del 27 de abril\u00a0 en La Romareda.<\/p>\n<p>A lo largo de la historia, el conjunto aragon\u00e9s se ha enfrentado al gaditano en Segunda Divisi\u00f3n\u00a0 en diez ocasiones, de las que s\u00f3lo ha ganado una en la campa\u00f1a 1971-1972 con victoria en el Municipal (4-0) del cuadro que por entonces entrenaba Rafa Iriondo y que conseguir\u00eda el ascenso al final del campeonato. La \u00faltima vez que ambos equipos se vieron la cara fue en el ejercicio 2019-2020, encuentro que finaliz\u00f3 con empate un tanto despu\u00e9s de que marcara Soro en el minuto 46 e igualara \u00c1lex en el 84.<\/p>\n<p>El C\u00e1diz estrena nuevo entrenador en la figura de Paco L\u00f3pez, ext\u00e9cnico del Granada las dos \u00faltimas campa\u00f1as, y ya ha realizados dos fichajes oficiales, el del central-lateral Cristian Glauder, procedente del Albacete, y el centrocampista Javier Ontiveros, del Villarreal B, adem\u00e1s de la renovaci\u00f3n por dos temporadas de Rub\u00e9n Alcaraz.<\/p>\n<blockquote class=\"twitter-tweet\">\n<p dir=\"ltr\" lang=\"es\">&#x1f525; \u00a1AQU\u00cd EST\u00c1! &#x1f525;<\/p>\n<p>&#x1f5d3;&#xfe0f;&#x1f440; \u00a1Consulta jornada a jornada el calendario completo de la pr\u00f3xima temporada en <a href=\"https:\/\/twitter.com\/hashtag\/LALIGAHYPERMOTION?src=hash&amp;ref_src=twsrc%5Etfw\">#LALIGAHYPERMOTION<\/a>!<\/p>\n<p>\u2014 LALIGA HYPERMOTION (@LaLiga2) <a href=\"https:\/\/twitter.com\/LaLiga2\/status\/1805964789111312431?ref_src=twsrc%5Etfw\">June 26, 2024<\/a><\/p><\/blockquote>\n<p><script async src=\"https:\/\/platform.twitter.com\/widgets.js\" charset=\"utf-8\"><\/script><\/p>\n","protected":false},"excerpt":{"rendered":"<p>El Real Zaragoza comenzar\u00e1 la competici\u00f3n 2024-2025 contra un reci\u00e9n descendido, el C\u00e1diz en el Nuevo Mirandilla el fin de semana del 18 de agosto. Al haber solicitado jugar fuera de casa las tres primeras jornadas como consecuencia de las obras en La Romareda, las dos siguientes las disputar\u00e1 contra <a class=\"read-more\" href=\"https:\/\/principesdeparis.es\/principes\/el-real-zaragoza-se-estrena-en-cadiz\/\">Sigue leyendo<\/a><\/p>\n","protected":false},"author":2,"featured_media":15598,"comment_status":"open","ping_status":"open","sticky":false,"template":"","format":"standard","meta":{"footnotes":""},"categories":[13,1],"tags":[],"class_list":["post-15597","post","type-post","status-publish","format-standard","has-post-thumbnail","hentry","category-publicidad","category-real-zaragoza"],"_links":{"self":[{"href":"https:\/\/principesdeparis.es\/principes\/wp-json\/wp\/v2\/posts\/15597","targetHints":{"allow":["GET"]}}],"collection":[{"href":"https:\/\/principesdeparis.es\/principes\/wp-json\/wp\/v2\/posts"}],"about":[{"href":"https:\/\/principesdeparis.es\/principes\/wp-json\/wp\/v2\/types\/post"}],"author":[{"embeddable":true,"href":"https:\/\/principesdeparis.es\/principes\/wp-json\/wp\/v2\/users\/2"}],"replies":[{"embeddable":true,"href":"https:\/\/principesdeparis.es\/principes\/wp-json\/wp\/v2\/comments?post=15597"}],"version-history":[{"count":15,"href":"https:\/\/principesdeparis.es\/principes\/wp-json\/wp\/v2\/posts\/15597\/revisions"}],"predecessor-version":[{"id":15613,"href":"https:\/\/principesdeparis.es\/principes\/wp-json\/wp\/v2\/posts\/15597\/revisions\/15613"}],"wp:featuredmedia":[{"embeddable":true,"href":"https:\/\/principesdeparis.es\/principes\/wp-json\/wp\/v2\/media\/15598"}],"wp:attachment":[{"href":"https:\/\/principesdeparis.es\/principes\/wp-json\/wp\/v2\/media?parent=15597"}],"wp:term":[{"taxonomy":"category","embeddable":true,"href":"https:\/\/principesdeparis.es\/principes\/wp-json\/wp\/v2\/categories?post=15597"},{"taxonomy":"post_tag","embeddable":true,"href":"https:\/\/principesdeparis.es\/principes\/wp-json\/wp\/v2\/tags?post=15597"}],"curies":[{"name":"wp","href":"https:\/\/api.w.org\/{rel}","templated":true}]}}