{"id":15615,"date":"2024-06-29T09:15:28","date_gmt":"2024-06-29T09:15:28","guid":{"rendered":"https:\/\/principesdeparis.es\/principes\/?p=15615"},"modified":"2024-06-29T12:04:56","modified_gmt":"2024-06-29T12:04:56","slug":"una-leyenda-necesita-el-gesto-de-otra-leyenda","status":"publish","type":"post","link":"https:\/\/principesdeparis.es\/principes\/una-leyenda-necesita-el-gesto-de-otra-leyenda\/","title":{"rendered":"Una leyenda necesita el gesto de otra leyenda"},"content":{"rendered":"<p style=\"text-align: center;\"><strong><em>La tensi\u00f3n soterrada que se ha creando con el caso Cristian, quien ya ha hablado, necesita la palabra p\u00fablica de V\u00edctor Fern\u00e1ndez para retomar el orden natural de las cosas<\/em><\/strong><\/p>\n<p>V\u00edctor Fern\u00e1ndez es una leyenda, una realidad palmaria porque sus t\u00edtulos con el Real Zaragoza as\u00ed lo atestiguan. Adem\u00e1s, para quien lo dude o lo desconozca todav\u00eda, hay altavoces que lo recuerdan a diario. Cristian \u00c1lvarez tambi\u00e9n tiene su espacio en la mitolog\u00eda, un trono que se ha ganado en la regi\u00f3n bastante m\u00e1s sombr\u00eda de Segunda, pero con una luz deslumbrante que en nada merma sus haza\u00f1as. Cada uno a su manera ocupa un espacio importante en el coraz\u00f3n del aficionado. El f\u00fatbol no deja de ser un c\u00f3mic de fantas\u00edas, y en esas vi\u00f1etas, los superh\u00e9roes suelen colaborar por el bien planetario. Sin embargo, desde que finaliz\u00f3 la campa\u00f1a, la opini\u00f3n sana e insana de terceros ha abierto un agujero negro entre el t\u00e9cnico y el portero, una fosa en la que se quiere enterrar al rosarino por la te\u00f3rica convergencia de sus lesiones continuadas y una edad, 38 a\u00f1os, que sugieren que su tiempo pas\u00f3.<\/p>\n<p>El guardameta ha utilizado las redes sociales, en concreto su cuenta de Instagram, para lanzar con finura afilada el mensaje de que piensa cumplir su contrato, y que va a trabajar, una vez m\u00e1s, para conducir al equipo al ascenso sin especificar el lugar que ocupar\u00e1 en esa cabina que ya tiene un piloto, Femen\u00edas, y espera a otro, Bad\u00eda. Como no hay informes m\u00e9dicos ni declaraciones al respecto sobre la recomendaci\u00f3n de prescindir de sus servicios, se sobreentiende que, como m\u00ednimo, ser\u00e1 el tercer hombre de lo que se ha convertido en un thriller de pretemporada. Si no fuera as\u00ed, si ya se ha decidido que su viaje en este club ha terminado, el interesado deber\u00eda haber sido el primero en recibir la notificaci\u00f3n por un par de cuestiones manifiestas: por protocolo y por tratarse de un jugador que merece un trato especial como deportista y ciudadano.<\/p>\n<p>Cristian puede est\u00e1 en su derecho de elegir si seguir o no el a\u00f1o que le resta. Pueda hacerlo por la convicci\u00f3n de que optar\u00e1 a la titularidad o porque firm\u00f3 un acuerdo que quiere cumplir. Por lo que ha ense\u00f1ado de su fuerte personalidad, equivocado o no, propulsado sin duda por la ilusi\u00f3n del ni\u00f1o que lleva dentro y al que quiere dar otra oportunidad, cree firmemente en su lucha por ser el portero principal. Si se da ese escenario, el director deportivo y el t\u00e9cnico tendr\u00e1n que asumirlo y sobre todo gestionarlo con inteligencia, y ya deber\u00edan de ponerse manos a la obra. Este silencio cargado de truenos no beneficia a nadie y pide el m\u00e1s urgente regreso al orden natural de las cosas para que el 8 de julio, d\u00eda de regreso a la actividad de la plantilla, todas las miradas no est\u00e9n puestas en ese pulso silente pero goloso para los focos.<\/p>\n<p>No es el momento period\u00edstico para una entrevista con V\u00edctor Fern\u00e1ndez, pero el entrenador podr\u00eda concederla a modo de aperitivo de la reconstrucci\u00f3n de la plantilla y si se van cumpliendo sus deseos. Y en esa conversaci\u00f3n con el medio que considere oportuno o m\u00e1s simp\u00e1tico, intercalar una pregunta nada inocente sobre Cristian \u00c1lvarez en la que la respuesta sin duda tuviera formato de t\u00f3pico, pero que acabara con la maleza de esta tensi\u00f3n soterrada que est\u00e1 dividiendo y confundiendo a una gran parte de la hinchada que estima que el argentino no se merece esta descortes\u00eda. Cuesta tan poco incluir a Cristian dentro de un equipo al que pertenece a\u00fan y, como parte de \u00e9l, confirmar que tendr\u00e1 las mismas oportunidades que el resto de sus compa\u00f1eros&#8230; Las leyendas no s\u00f3lo se distinguen por lo que aportan a las vitrinas o a la historia. Tambi\u00e9n con sus gestos en la burocracia cotidiana, m\u00e1s a\u00fan con otra leyenda de por medio a quien quiz\u00e1s el cuerpo rompa sus sue\u00f1os o d\u00e9 m\u00e1s vida a sus alas. Que sea el tiempo quien juzgue entre los inmortales.<\/p>\n<p><em>Foto: MARCA \/ Toni Gal\u00e1n<\/em><\/p>\n","protected":false},"excerpt":{"rendered":"<p>La tensi\u00f3n soterrada que se ha creando con el caso Cristian, quien ya ha hablado, necesita la palabra p\u00fablica de V\u00edctor Fern\u00e1ndez para retomar el orden natural de las cosas V\u00edctor Fern\u00e1ndez es una leyenda, una realidad palmaria porque sus t\u00edtulos con el Real Zaragoza as\u00ed lo atestiguan. Adem\u00e1s, para <a class=\"read-more\" href=\"https:\/\/principesdeparis.es\/principes\/una-leyenda-necesita-el-gesto-de-otra-leyenda\/\">Sigue leyendo<\/a><\/p>\n","protected":false},"author":2,"featured_media":15616,"comment_status":"open","ping_status":"open","sticky":false,"template":"","format":"standard","meta":{"footnotes":""},"categories":[13,1],"tags":[],"class_list":["post-15615","post","type-post","status-publish","format-standard","has-post-thumbnail","hentry","category-publicidad","category-real-zaragoza"],"_links":{"self":[{"href":"https:\/\/principesdeparis.es\/principes\/wp-json\/wp\/v2\/posts\/15615","targetHints":{"allow":["GET"]}}],"collection":[{"href":"https:\/\/principesdeparis.es\/principes\/wp-json\/wp\/v2\/posts"}],"about":[{"href":"https:\/\/principesdeparis.es\/principes\/wp-json\/wp\/v2\/types\/post"}],"author":[{"embeddable":true,"href":"https:\/\/principesdeparis.es\/principes\/wp-json\/wp\/v2\/users\/2"}],"replies":[{"embeddable":true,"href":"https:\/\/principesdeparis.es\/principes\/wp-json\/wp\/v2\/comments?post=15615"}],"version-history":[{"count":7,"href":"https:\/\/principesdeparis.es\/principes\/wp-json\/wp\/v2\/posts\/15615\/revisions"}],"predecessor-version":[{"id":15624,"href":"https:\/\/principesdeparis.es\/principes\/wp-json\/wp\/v2\/posts\/15615\/revisions\/15624"}],"wp:featuredmedia":[{"embeddable":true,"href":"https:\/\/principesdeparis.es\/principes\/wp-json\/wp\/v2\/media\/15616"}],"wp:attachment":[{"href":"https:\/\/principesdeparis.es\/principes\/wp-json\/wp\/v2\/media?parent=15615"}],"wp:term":[{"taxonomy":"category","embeddable":true,"href":"https:\/\/principesdeparis.es\/principes\/wp-json\/wp\/v2\/categories?post=15615"},{"taxonomy":"post_tag","embeddable":true,"href":"https:\/\/principesdeparis.es\/principes\/wp-json\/wp\/v2\/tags?post=15615"}],"curies":[{"name":"wp","href":"https:\/\/api.w.org\/{rel}","templated":true}]}}