{"id":15625,"date":"2024-06-30T15:43:03","date_gmt":"2024-06-30T15:43:03","guid":{"rendered":"https:\/\/principesdeparis.es\/principes\/?p=15625"},"modified":"2024-06-30T15:48:29","modified_gmt":"2024-06-30T15:48:29","slug":"el-real-zaragoza-de-victor-fernandez-es-un-volcan","status":"publish","type":"post","link":"https:\/\/principesdeparis.es\/principes\/el-real-zaragoza-de-victor-fernandez-es-un-volcan\/","title":{"rendered":"El Real Zaragoza de V\u00edctor Fern\u00e1ndez es un volc\u00e1n"},"content":{"rendered":"<p style=\"text-align: center;\"><em><strong>El id\u00edlico proyecto del ascenso confeccionado por el t\u00e9cnico colisiona con su desconocimiento de la categor\u00eda, Cordero, una realidad ajena a cualquier plan ambicioso y una atm\u00f3sfera interna irrespirable<\/strong><\/em><\/p>\n<p>El id\u00edlico proyecto del ascenso confeccionado por V\u00edctor Fern\u00e1ndez y sus feligreses y del que ning\u00fan representante de la propiedad se ha hecho eco todav\u00eda, ni existe ni se le espera. La reuni\u00f3n que mantuvo el t\u00e9cnico en Madrid para confirmar que el fondo de inversi\u00f3n iba en paralelo a sus pretensiones de una reestructuraci\u00f3n casi completa de la plantilla para subir su nivel competitivo a la excelencia y aspirar a lo m\u00e1ximo, se present\u00f3 casi como un pacto de sangre entre hermanos, pero desde entonces nadie ha subido al escenario para ratificar esa supuesta fraternidad de intenciones. La negativa de Ander Herrera, piedra sobre la que se iba a construir la nueva iglesia, supuso el primer golpe de realidad a una gesti\u00f3n sostenida por las fantas\u00edas del entrenador, fracaso al que han seguido las tentativas frustradas de Dotor, mediocentro del Celta, el aragon\u00e9s Roberto L\u00f3pez, fichado por el Legan\u00e9s, y los intereses por hacerse con futbolistas muy lejos del alcance de la realidad econ\u00f3mica del club como Aketxe, magn\u00edfica y eterna zurda de Segunda, y For\u00e9s, poderoso goleador del Villarreal B.<\/p>\n<p>A ocho d\u00edas de que comience la pretemporada y a horas de que se abra el mercado de verano, el atasco en el vestuario es monumental en las entradas y sobre todo en las salidas que se persiguen, que ser\u00e1n numerosas y que van a suponer costosas indemnizaciones porque la mayor\u00eda tiene contrato hasta el 2025 Han llegado Mario Sober\u00f3n del Eldense, Joan Femen\u00edas del Levante y las que se oficializar\u00e1n a partir de ma\u00f1ana, Gori Gracia, mediocampista periquito que arrastra dos lesiones de gravedad, y Dani Tasende, lateral izquierdo del minisubmarino <em>groguet<\/em> que ten\u00eda un pacto con el Tenerife. Se espera, no sin que el Elche pida lo suyo, que Edgar Bad\u00eda regrese a La Romareda. Las adquisiciones, todos con la carta de libertad, comienzan a mostrar un libro de estilo de pu\u00f1o y letra del fondo de inversi\u00f3n y en absoluto pr\u00f3ximo al equipo personalizado y tuneado que ansiaba el t\u00e9cnico. El panorama es terror\u00edfico siendo generoso con el adjetivo. La ilusi\u00f3n prefabricada tras la salvaci\u00f3n y la confirmaci\u00f3n de que V\u00edctor Fern\u00e1ndez ser\u00eda el gu\u00eda de un amanecer deslumbrante ha sido otra maniobra m\u00e1s de distracci\u00f3n.<\/p>\n<p>Juan Carlos Cordero tiene frente as\u00ed desmontar onerosas relaciones contractuales en vigor, varios negociados para conseguir compartir n\u00f3minas en cesiones (casos de Bakis y Poussin), el pastel de los que regresan (Sabin Merino, Bermejo&#8230;), las renovaciones todav\u00eda congeladas de Marc Aguado, Francho Serrano e Iv\u00e1n Az\u00f3n, el sue\u00f1o imposible de retener a Alejandro Franc\u00e9s y una decena m\u00e1s de contrataciones para reforzar todas las l\u00edneas. Con dos meses por delante, hay tiempo; con el capital que quedar\u00e1, no habr\u00e1 margen para el vuelo interestelar en la mejor Segunda de la historia, con 17 clubes con historial en Primera. El director deportivo, sobre el alambre y al servicio de la propiedad, y el entrenador siguen sin congeniar lo m\u00e1s m\u00ednimo ni en lo personal ni en lo deportivo, lo que acrecienta la situaci\u00f3n de descontrol y de improvisaci\u00f3n que no sean unos l\u00edmites establecidos para gastos, condicionados a la presumible negativa de salir de muchos de los se\u00f1alados como no \u00fatiles.<\/p>\n<p>El Real Zaragoza de V\u00edctor Fern\u00e1ndez es ahora mismo un volc\u00e1n seg\u00fan ha podido constatar Pr\u00edncipes de Par\u00eds desde el coraz\u00f3n del vestuario, que desde el primer d\u00eda descubri\u00f3 que el relevo de Julio Vel\u00e1zquez estaba a a\u00f1os luz de su mejor versi\u00f3n profesional y que era un completo desconocedor de la categor\u00eda. La impresi\u00f3n compartida de muchos de los futbolistas es que por la puerta hab\u00eda entrado un ext\u00e9cnico. La imagen de derrumbe emocional en su presentaci\u00f3n a la plantilla y la posterior rueda de prensa, que abandon\u00f3 en dos ocasiones con l\u00e1grimas en los ojos, causaron sobrecogimiento en un contexto de m\u00e1ximo peligro que se evit\u00f3 con una permanencia en nada honorable. Hab\u00eda firmado por dos a\u00f1os con una cl\u00e1usula que le permit\u00eda ascender a los despachos si lo consideraba oportuno, pero prefiri\u00f3 seguir en el banquillo con la buena y egoc\u00e9ntrica voluntad de construir un gran Real Zaragoza. Pero ni \u00e9l est\u00e1 preparado ni los due\u00f1os van a darle chueque en blanco alguno. Cuando arranque la competici\u00f3n, habr\u00e1 que tirar con lo que haya m\u00e1s el suplemento de la sinergias atl\u00e9ticas.<\/p>\n<p>La atm\u00f3sfera es irrespirable no s\u00f3lo por la poca elegancia con que se ha tratado el caso Cristian \u00c1lvarez, punta de un iceberg mucho mayor donde reina el descontento en may\u00fasculas y donde algunas sillas menores ya han sido movidas para justificar la inoperancia de cargos superiores. Colgado de ese firmamento de nubes negras, est\u00e1n estos comentarios de V\u00edctor sobre un par de canteranos que no son de su agrado. \u00abFrancho es muy plano y Az\u00f3n un agitador, un jugador muy malo\u00bb. Por Marc Aguado, a quien quiere Eder Sarabia para el Elche, tampoco se rasgar\u00eda las vestiduras si fuera traspasado. De los cuatro cachorros con fin de relaci\u00f3n en 2025, el \u00fanico que le convence es Franc\u00e9s. No se sabe muy bien si V\u00edctor Fern\u00e1ndez ha sido v\u00edctima de s\u00ed mismo o de una multipropiedad cuya hoja de ruta no se va alejar mucho de la temporada pasada &#8211;con el entrenador de paraguas&#8211; a la espera de que suene la flauta. Lo m\u00e1s probable es que antes o despu\u00e9s el volc\u00e1n explote.<\/p>\n","protected":false},"excerpt":{"rendered":"<p>El id\u00edlico proyecto del ascenso confeccionado por el t\u00e9cnico colisiona con su desconocimiento de la categor\u00eda, Cordero, una realidad ajena a cualquier plan ambicioso y una atm\u00f3sfera interna irrespirable El id\u00edlico proyecto del ascenso confeccionado por V\u00edctor Fern\u00e1ndez y sus feligreses y del que ning\u00fan representante de la propiedad se <a class=\"read-more\" href=\"https:\/\/principesdeparis.es\/principes\/el-real-zaragoza-de-victor-fernandez-es-un-volcan\/\">Sigue leyendo<\/a><\/p>\n","protected":false},"author":2,"featured_media":15626,"comment_status":"open","ping_status":"open","sticky":false,"template":"","format":"standard","meta":{"footnotes":""},"categories":[13,1],"tags":[],"class_list":["post-15625","post","type-post","status-publish","format-standard","has-post-thumbnail","hentry","category-publicidad","category-real-zaragoza"],"_links":{"self":[{"href":"https:\/\/principesdeparis.es\/principes\/wp-json\/wp\/v2\/posts\/15625","targetHints":{"allow":["GET"]}}],"collection":[{"href":"https:\/\/principesdeparis.es\/principes\/wp-json\/wp\/v2\/posts"}],"about":[{"href":"https:\/\/principesdeparis.es\/principes\/wp-json\/wp\/v2\/types\/post"}],"author":[{"embeddable":true,"href":"https:\/\/principesdeparis.es\/principes\/wp-json\/wp\/v2\/users\/2"}],"replies":[{"embeddable":true,"href":"https:\/\/principesdeparis.es\/principes\/wp-json\/wp\/v2\/comments?post=15625"}],"version-history":[{"count":3,"href":"https:\/\/principesdeparis.es\/principes\/wp-json\/wp\/v2\/posts\/15625\/revisions"}],"predecessor-version":[{"id":15629,"href":"https:\/\/principesdeparis.es\/principes\/wp-json\/wp\/v2\/posts\/15625\/revisions\/15629"}],"wp:featuredmedia":[{"embeddable":true,"href":"https:\/\/principesdeparis.es\/principes\/wp-json\/wp\/v2\/media\/15626"}],"wp:attachment":[{"href":"https:\/\/principesdeparis.es\/principes\/wp-json\/wp\/v2\/media?parent=15625"}],"wp:term":[{"taxonomy":"category","embeddable":true,"href":"https:\/\/principesdeparis.es\/principes\/wp-json\/wp\/v2\/categories?post=15625"},{"taxonomy":"post_tag","embeddable":true,"href":"https:\/\/principesdeparis.es\/principes\/wp-json\/wp\/v2\/tags?post=15625"}],"curies":[{"name":"wp","href":"https:\/\/api.w.org\/{rel}","templated":true}]}}