{"id":15631,"date":"2024-07-03T07:41:47","date_gmt":"2024-07-03T07:41:47","guid":{"rendered":"https:\/\/principesdeparis.es\/principes\/?p=15631"},"modified":"2024-07-03T09:56:24","modified_gmt":"2024-07-03T09:56:24","slug":"fallece-jose-antonio-iniesta-expresidente-de-la-pena-los-magnificos","status":"publish","type":"post","link":"https:\/\/principesdeparis.es\/principes\/fallece-jose-antonio-iniesta-expresidente-de-la-pena-los-magnificos\/","title":{"rendered":"Fallece Jos\u00e9 Antonio Iniesta, expresidente de la pe\u00f1a Los Magn\u00edficos"},"content":{"rendered":"<p>Esta madrugada, como consecuencia del covid, ha fallecido Jos\u00e9 Antonio Iniesta a la edad de 89 a\u00f1os, el que fuera presidente de la pe\u00f1a Los Magn\u00edficos y uno de los personajes m\u00e1s carism\u00e1ticos y queridos del f\u00fatbol aragon\u00e9s y hombre ligado al Real Zaragoza en diferentes funciones. El domingo pasado ingres\u00f3 en el Miguel Servet y despu\u00e9s de nueve d\u00edas peleando contra la enfermedad, hoy nos ha abandonado.<\/p>\n<p>Iniesta, nacido en Melilla, lleg\u00f3 a la capital aragonesa hace 65 a\u00f1os y desde entonces, siempre orgulloso de sus ra\u00edces, se dedic\u00f3 a su pasi\u00f3n, el f\u00fatbol. Presidente de la Pe\u00f1a Los Magn\u00edficos desde su fundaci\u00f3n en 1971, estuvo vinculado a ella, ya como presidente de honor tras haber sido relevado en el cargo por Javier Yera,\u00a0 hasta el pasado s\u00e1bado, d\u00eda en el que particip\u00f3 en una de sus habituales comidas.<\/p>\n<p>Vinculado a la Ciudad Deportiva del Real Zaragoza desde su fundaci\u00f3n y directivo de la f\u00e1brica zaragocista en la etapa de Miguel Beltr\u00e1n, mantuvo una gran amistad con Jos\u00e9 Gil Lecha y Jos\u00e9 \u00c1ngel Zalba. Tambi\u00e9n realiz\u00f3 funciones de delegado en el club aragon\u00e9s y fue directivo de la Federaci\u00f3n Aragonesa de F\u00fatbol.\u00a0 Su hijo, Jos\u00e9 Antonio, describe con fidelidad la personalidad de su padre y c\u00f3mo se le recordar\u00e1. \u00abMe siento orgulloso de que todo el mundo que habla de \u00e9l lo recuerda por su bondad. Era un excelente relaciones p\u00fablicas, una persona extrovertida y muy querida por todos\u00bb.<\/p>\n<p>El funeral es ma\u00f1ana a las 18.00 en la Iglesia de Santa Rita.<\/p>\n<p>&nbsp;<\/p>\n<p>&nbsp;<\/p>\n<p>&nbsp;<\/p>\n<p>&nbsp;<\/p>\n","protected":false},"excerpt":{"rendered":"<p>Esta madrugada, como consecuencia del covid, ha fallecido Jos\u00e9 Antonio Iniesta a la edad de 89 a\u00f1os, el que fuera presidente de la pe\u00f1a Los Magn\u00edficos y uno de los personajes m\u00e1s carism\u00e1ticos y queridos del f\u00fatbol aragon\u00e9s y hombre ligado al Real Zaragoza en diferentes funciones. El domingo pasado <a class=\"read-more\" href=\"https:\/\/principesdeparis.es\/principes\/fallece-jose-antonio-iniesta-expresidente-de-la-pena-los-magnificos\/\">Sigue leyendo<\/a><\/p>\n","protected":false},"author":2,"featured_media":15632,"comment_status":"open","ping_status":"open","sticky":false,"template":"","format":"standard","meta":{"footnotes":""},"categories":[13,1],"tags":[],"class_list":["post-15631","post","type-post","status-publish","format-standard","has-post-thumbnail","hentry","category-publicidad","category-real-zaragoza"],"_links":{"self":[{"href":"https:\/\/principesdeparis.es\/principes\/wp-json\/wp\/v2\/posts\/15631","targetHints":{"allow":["GET"]}}],"collection":[{"href":"https:\/\/principesdeparis.es\/principes\/wp-json\/wp\/v2\/posts"}],"about":[{"href":"https:\/\/principesdeparis.es\/principes\/wp-json\/wp\/v2\/types\/post"}],"author":[{"embeddable":true,"href":"https:\/\/principesdeparis.es\/principes\/wp-json\/wp\/v2\/users\/2"}],"replies":[{"embeddable":true,"href":"https:\/\/principesdeparis.es\/principes\/wp-json\/wp\/v2\/comments?post=15631"}],"version-history":[{"count":7,"href":"https:\/\/principesdeparis.es\/principes\/wp-json\/wp\/v2\/posts\/15631\/revisions"}],"predecessor-version":[{"id":15639,"href":"https:\/\/principesdeparis.es\/principes\/wp-json\/wp\/v2\/posts\/15631\/revisions\/15639"}],"wp:featuredmedia":[{"embeddable":true,"href":"https:\/\/principesdeparis.es\/principes\/wp-json\/wp\/v2\/media\/15632"}],"wp:attachment":[{"href":"https:\/\/principesdeparis.es\/principes\/wp-json\/wp\/v2\/media?parent=15631"}],"wp:term":[{"taxonomy":"category","embeddable":true,"href":"https:\/\/principesdeparis.es\/principes\/wp-json\/wp\/v2\/categories?post=15631"},{"taxonomy":"post_tag","embeddable":true,"href":"https:\/\/principesdeparis.es\/principes\/wp-json\/wp\/v2\/tags?post=15631"}],"curies":[{"name":"wp","href":"https:\/\/api.w.org\/{rel}","templated":true}]}}