{"id":15644,"date":"2024-07-07T13:07:42","date_gmt":"2024-07-07T13:07:42","guid":{"rendered":"https:\/\/principesdeparis.es\/principes\/?p=15644"},"modified":"2024-07-08T09:49:56","modified_gmt":"2024-07-08T09:49:56","slug":"arranca-la-pretemporada-de-la-ilusion-fantasma","status":"publish","type":"post","link":"https:\/\/principesdeparis.es\/principes\/arranca-la-pretemporada-de-la-ilusion-fantasma\/","title":{"rendered":"Arranca la pretemporada de la ilusi\u00f3n fantasma"},"content":{"rendered":"<p style=\"text-align: center;\"><em><strong>La plantilla vuelve ma\u00f1ana al trabajo con tan s\u00f3lo dos fichajes oficiales, sin ninguna salida resuelta y un ambiente enrarecido y turbio que se intenta maquillar con postizos gestos de normalidad<\/strong><\/em><\/p>\n<p>Ma\u00f1ana comienza una pretemporada muy extra\u00f1a. Los jugadores pasar\u00e1n el reconocimiento m\u00e9dico sin que gran parte de ellos, al menos 17 de los 25 citados de la primera plantilla (Borge sigue en la enfermer\u00eda), sepa en qu\u00e9 condiciones o equipo empezar\u00e1 el curso y con tan s\u00f3lo dos fichajes oficiales, Sober\u00f3n y Femen\u00edas, y otros dos, Gori Gracia y Tasende, que aparecer\u00e1n durante la semana. Hace un a\u00f1o, Juan Carlos Cordero ya hab\u00eda conseguido a Bakis, Mesa, Lecoeuche y Toni Moya, y se hab\u00eda desprendido de Larraz\u00e1bal, Vada, Vigaray y Quinteros. El ritmo de operaciones en estas fechas elev\u00f3 al director deportivo a categor\u00eda de cham\u00e1n de las negociaciones. Hoy, el ejecutivo se mueve sobre el alambre por el p\u00e9simo resultado que dio aquel trabajo y por la sociedad antinatura que forma con V\u00edctor Fern\u00e1ndez en otra nueva y total reconstrucci\u00f3n que, en teor\u00eda, tiene al entrenador como patr\u00f3n de las principales decisiones. El desconocimiento del mercado del t\u00e9cnico y sus apuestas imposibles ya que la propiedad le ha entregado la batuta pero demasiado fina econ\u00f3micamente han derivado en una situaci\u00f3n muy distinta a sus pretensiones. El ambiente est\u00e1 enrarecido porque se gener\u00f3 una atm\u00f3sfera cargada de ilusi\u00f3n con el entrenador como eje de un proyecto de altura y, por ahora, s\u00f3lo ha habido intentos de maquillar la incertidumbre y los silencios con gestos demasiados postizos como la fotograf\u00eda de la \u00faltima reuni\u00f3n en Madrid, una instant\u00e1nea donde Jorge Mas aparec\u00eda por primera vez junto a V\u00edctor Fern\u00e1ndez, escoltado por Cordero, Fernando L\u00f3pez, el director general, y Mariano Aguilar, el hombre de confianza de Gil Mar\u00edn y en realidad la mano fuerte que mece la cuna deportiva del club.<\/p>\n<p>De ese c\u00f3nclave no sali\u00f3 una sola manifestaci\u00f3n. De ninguno de los asistentes. Si este lunes tampoco se produjera un rueda de prensa del director deportivo para explicar la hoja de ruta cierta y no ficticia para la pr\u00f3xima campa\u00f1a, las dudas, ya de por s\u00ed numerosas, se multiplicar\u00edan. Resta poco m\u00e1s de un mes para el inicio de la Liga, el 16 de agosto en el caso del Real Zaragoza, y tres semanas m\u00e1s para que se cierre el mercado. No se cuenta con Bakis, Rebollo, Lecoeuche, Jair, Grau, Poussin, Bermejo, Enrich y Sabin Merino, todos con contrato en vigor y a los que habr\u00e1 que indemnizar o compartir ficha con los equipos que soliciten su pr\u00e9stamo. Tampoco se quiere a Cristian \u00c1lvarez, pero el portero ya ha comunicado que piensa seguir en la plantilla, ni a Baselga y Naranjo ( ya rescindido), mientras que Luna volver\u00e1 a ser cedido y Carbonell continuar\u00e1 otro ejercicio en el Ejea. Alejandro Franc\u00e9s espera para conocer su destino a Primera, Mesa se ir\u00e1 al Tenerife y Nieto y Borge ahn sufrido lesiones de largo recorrido que seguramente condicionar\u00e1n su futuro. Todo est\u00e1 en un aire muy viciado por el desgaste financiero que supondr\u00e1 hacer hueco para otros futbolistas aunque un considerable porcentaje lleguen a coste cero. El resto de los clubes tampoco han movido ficha a\u00fan, pero el Real Zaragoza emite se\u00f1ales de un tremendo caos, con m\u00e1s movimientos en las parcelas administrativas y m\u00e9dica (nuevo director general, nuevo secretario t\u00e9cnico, nuevos fisioterapeutas) que en el vestuario, donde Az\u00f3n, Francho y Aguado siguen a la espera de una llamada para saber en qu\u00e9 condiciones se les quiere renovar sus contratos que finalizan en 2025.<\/p>\n<p>La presentaci\u00f3n de la camiseta, los diferentes shows montados alrededor del derribo del Fondo Sur, la entrevista de Alberto Zapater con Fernando L\u00f3pez (coincidieron en el Atl\u00e9tico Ottawa) sin que el dirigente haya sido presentado pero con la lecci\u00f3n del ascenso bien aprendida en su discurso enlatado, y, por su puesto, esa instant\u00e1nea de familia en la capital de Espa\u00f1a utilizada como mensaje de normalidad, concordia y confianza no han conseguido enmascarar un clima de tensiones soterradas. La afici\u00f3n, buena parte de ella, mantiene la esperanza de que todo se acelere, de que V\u00edctor Fern\u00e1ndez haga valer su aura para configurar un equipo que vaya directo a la \u00e9lite despu\u00e9s de doce temporadas consecutivas fuera del para\u00edso. En Segunda no se estilan las figuras sino los bloques compactos y de m\u00e1ximo rigor defensivo, que suelen ser caros por muy gris que resulte su f\u00fatbol. El Real Zaragoza partir\u00e1 con muchas desventajas, entre ellas la de tesorer\u00eda pese a que su limite salarial aumente, y las negativas que est\u00e1 recibiendo en las diferentes tomas de contacto con profesionales que no consideran atractivo jugar en La Romareda, con un t\u00e9cnico cuyo encanto se reduce al entorno donde hace mucho fue campe\u00f3n. La pretemporada echa a andar este lunes con siete jugadores del filial Juan Sebasti\u00e1n, Pau Sans, Alberto Vaquero, Lucas Terrer, Marcos Cuenca y Hugo Barrachina, y claros s\u00edntomas de cojera. Con una ilusi\u00f3n fantasma condenada a vagar por el intervencionismo del Atl\u00e9tico de Madrid, que ser\u00e1 el que decida su destino.<\/p>\n<p><strong>(El equipo se concentrar\u00e1 en San Pedro del Pinatar del 28 de julio al 3 de agosto y tiene programados tres amistosos contra el Tarazona, el mi\u00e9rcoles 24 de julio, frente al Calahorra, el s\u00e1bado 27, y ante el Elche, el s\u00e1bado 3 de agosto).<\/strong><\/p>\n<p><em>Foto Real Zaragoza<\/em><\/p>\n","protected":false},"excerpt":{"rendered":"<p>La plantilla vuelve ma\u00f1ana al trabajo con tan s\u00f3lo dos fichajes oficiales, sin ninguna salida resuelta y un ambiente enrarecido y turbio que se intenta maquillar con postizos gestos de normalidad Ma\u00f1ana comienza una pretemporada muy extra\u00f1a. Los jugadores pasar\u00e1n el reconocimiento m\u00e9dico sin que gran parte de ellos, al <a class=\"read-more\" href=\"https:\/\/principesdeparis.es\/principes\/arranca-la-pretemporada-de-la-ilusion-fantasma\/\">Sigue leyendo<\/a><\/p>\n","protected":false},"author":2,"featured_media":15646,"comment_status":"open","ping_status":"open","sticky":false,"template":"","format":"standard","meta":{"footnotes":""},"categories":[13,1],"tags":[],"class_list":["post-15644","post","type-post","status-publish","format-standard","has-post-thumbnail","hentry","category-publicidad","category-real-zaragoza"],"_links":{"self":[{"href":"https:\/\/principesdeparis.es\/principes\/wp-json\/wp\/v2\/posts\/15644","targetHints":{"allow":["GET"]}}],"collection":[{"href":"https:\/\/principesdeparis.es\/principes\/wp-json\/wp\/v2\/posts"}],"about":[{"href":"https:\/\/principesdeparis.es\/principes\/wp-json\/wp\/v2\/types\/post"}],"author":[{"embeddable":true,"href":"https:\/\/principesdeparis.es\/principes\/wp-json\/wp\/v2\/users\/2"}],"replies":[{"embeddable":true,"href":"https:\/\/principesdeparis.es\/principes\/wp-json\/wp\/v2\/comments?post=15644"}],"version-history":[{"count":9,"href":"https:\/\/principesdeparis.es\/principes\/wp-json\/wp\/v2\/posts\/15644\/revisions"}],"predecessor-version":[{"id":15655,"href":"https:\/\/principesdeparis.es\/principes\/wp-json\/wp\/v2\/posts\/15644\/revisions\/15655"}],"wp:featuredmedia":[{"embeddable":true,"href":"https:\/\/principesdeparis.es\/principes\/wp-json\/wp\/v2\/media\/15646"}],"wp:attachment":[{"href":"https:\/\/principesdeparis.es\/principes\/wp-json\/wp\/v2\/media?parent=15644"}],"wp:term":[{"taxonomy":"category","embeddable":true,"href":"https:\/\/principesdeparis.es\/principes\/wp-json\/wp\/v2\/categories?post=15644"},{"taxonomy":"post_tag","embeddable":true,"href":"https:\/\/principesdeparis.es\/principes\/wp-json\/wp\/v2\/tags?post=15644"}],"curies":[{"name":"wp","href":"https:\/\/api.w.org\/{rel}","templated":true}]}}