{"id":15661,"date":"2024-07-09T11:43:39","date_gmt":"2024-07-09T11:43:39","guid":{"rendered":"https:\/\/principesdeparis.es\/principes\/?p=15661"},"modified":"2024-07-09T11:43:39","modified_gmt":"2024-07-09T11:43:39","slug":"cordero-queremos-hacer-el-mejor-equipo-a-victor-fernandez","status":"publish","type":"post","link":"https:\/\/principesdeparis.es\/principes\/cordero-queremos-hacer-el-mejor-equipo-a-victor-fernandez\/","title":{"rendered":"Cordero: \u00abQueremos hacer el mejor equipo a V\u00edctor Fern\u00e1ndez\u00bb"},"content":{"rendered":"<p><strong>Valoraci\u00f3n de la temporada pasada y objetivos para esta:<\/strong> \u00abVoy a irme a lo m\u00e1s lejano, a un verano ilusionante, con una comuni\u00f3n total de la ciudad que nos dur\u00f3 poco. Pasamos a una decepci\u00f3n grande y a un rendimiento no esperado, adem\u00e1s de muchas lesiones sin que sea una excusa, pero fueran demasiadas. Luego corrimos el peligro del descenso. La ciudad se volvi\u00f3 con el equipo y con la llegada de V\u00edctor se produjo una paz social muy necesaria. La categor\u00eda es muy complicada este a\u00f1o, con diez o doce equipos con la idea de estar arriba. El mercado se ha puesto m\u00e1s dif\u00edcil y ser\u00e1 una guerra sin cuartel hasta final de temporada. La Segunda est\u00e1 muy centrada de movimientos en Primera, afectada por Eurocopa y Juegos. Queremos hacer el mejor equipo a V\u00edctor Fern\u00e1ndez\u00bb.<\/p>\n<p><strong>Salidas y renovaciones:<\/strong> \u00abSi podemos, la idea es renovar a los cuatro, Franc\u00e9s incluido. A Aguado se le ha transmitido la idea de renovaci\u00f3n, al igual que a Francho. El tema de Franc\u00e9s es que que el jugador quiere mejorar y estamos abiertos a escuchar ofertas por su valor, no por debajo. A d\u00eda de hoy no hay nada convincente por Franc\u00e9s.\u00a0 Si no fuera as\u00ed, la idea del club es renovarle el contrato. El caso de Az\u00f3n es parecido. Si quiere salir del club, lo valoraremos, pero la idea es seguir contando con \u00e9l\u00bb.<\/p>\n<p><strong>Cristian y Mesa:<\/strong> \u00abCristian es una leyenda del club. Queremos que siga con nosotros y que luche por un puesto. Hay confianza total y que se recupere bien, que se ponga a tono. Mesa ha pedido salir con una oferta oficial por \u00e9l. El Real Zaragoza no est\u00e1 de acuerdo por ahora con esa oferta\u00bb.<\/p>\n<p><strong>Salidas:<\/strong> \u00abDe momento hay pocos movimientos. Estoy hay que llevarlo sin forzar situaciones innecesarias\u00bb.<\/p>\n<p><strong>Otro portero:<\/strong> \u00abHay dos porteros confirmados, pero insisto en que no tenemos prisas\u00bb.<\/p>\n<p><strong>Qu\u00edmica con V\u00edctor:<\/strong> \u00abSi la hay. El tiempo que hemos trabajado he conocido lo que quiere. Entre todos vamos en la misma direcci\u00f3n para dotar al club de una plantilla acorde a lo que quiere el club y ha pedido V\u00edctor. Nos conocemos mejor y vamos a dar lo mejor para el club\u00bb.<\/p>\n<p><strong>Bakis:<\/strong> \u00abNo rindi\u00f3 al nivel que esper\u00e1bamos. La idea es que haya una oferta por \u00e9l para abrirle las puertas. Si no seguir\u00e1 aqu\u00ed\u00bb.<\/p>\n<p>&nbsp;<\/p>\n<p>&nbsp;<\/p>\n<p>&nbsp;<\/p>\n<p>&nbsp;<\/p>\n","protected":false},"excerpt":{"rendered":"<p>Valoraci\u00f3n de la temporada pasada y objetivos para esta: \u00abVoy a irme a lo m\u00e1s lejano, a un verano ilusionante, con una comuni\u00f3n total de la ciudad que nos dur\u00f3 poco. Pasamos a una decepci\u00f3n grande y a un rendimiento no esperado, adem\u00e1s de muchas lesiones sin que sea una <a class=\"read-more\" href=\"https:\/\/principesdeparis.es\/principes\/cordero-queremos-hacer-el-mejor-equipo-a-victor-fernandez\/\">Sigue leyendo<\/a><\/p>\n","protected":false},"author":2,"featured_media":15664,"comment_status":"open","ping_status":"open","sticky":false,"template":"","format":"standard","meta":{"footnotes":""},"categories":[13,1],"tags":[],"class_list":["post-15661","post","type-post","status-publish","format-standard","has-post-thumbnail","hentry","category-publicidad","category-real-zaragoza"],"_links":{"self":[{"href":"https:\/\/principesdeparis.es\/principes\/wp-json\/wp\/v2\/posts\/15661","targetHints":{"allow":["GET"]}}],"collection":[{"href":"https:\/\/principesdeparis.es\/principes\/wp-json\/wp\/v2\/posts"}],"about":[{"href":"https:\/\/principesdeparis.es\/principes\/wp-json\/wp\/v2\/types\/post"}],"author":[{"embeddable":true,"href":"https:\/\/principesdeparis.es\/principes\/wp-json\/wp\/v2\/users\/2"}],"replies":[{"embeddable":true,"href":"https:\/\/principesdeparis.es\/principes\/wp-json\/wp\/v2\/comments?post=15661"}],"version-history":[{"count":3,"href":"https:\/\/principesdeparis.es\/principes\/wp-json\/wp\/v2\/posts\/15661\/revisions"}],"predecessor-version":[{"id":15665,"href":"https:\/\/principesdeparis.es\/principes\/wp-json\/wp\/v2\/posts\/15661\/revisions\/15665"}],"wp:featuredmedia":[{"embeddable":true,"href":"https:\/\/principesdeparis.es\/principes\/wp-json\/wp\/v2\/media\/15664"}],"wp:attachment":[{"href":"https:\/\/principesdeparis.es\/principes\/wp-json\/wp\/v2\/media?parent=15661"}],"wp:term":[{"taxonomy":"category","embeddable":true,"href":"https:\/\/principesdeparis.es\/principes\/wp-json\/wp\/v2\/categories?post=15661"},{"taxonomy":"post_tag","embeddable":true,"href":"https:\/\/principesdeparis.es\/principes\/wp-json\/wp\/v2\/tags?post=15661"}],"curies":[{"name":"wp","href":"https:\/\/api.w.org\/{rel}","templated":true}]}}