{"id":15672,"date":"2024-07-11T12:26:08","date_gmt":"2024-07-11T12:26:08","guid":{"rendered":"https:\/\/principesdeparis.es\/principes\/?p=15672"},"modified":"2024-07-12T19:31:26","modified_gmt":"2024-07-12T19:31:26","slug":"gori-y-tasende-muy-del-gusto-de-victor","status":"publish","type":"post","link":"https:\/\/principesdeparis.es\/principes\/gori-y-tasende-muy-del-gusto-de-victor\/","title":{"rendered":"Gori y Tasende, muy del gusto de V\u00edctor"},"content":{"rendered":"<p style=\"text-align: center;\"><em><strong>Cordero reincide en su predisposici\u00f3n por agradar al entrenador en las presentaciones de\u00a0 un centrocampista cuyo destino final apunta al primer equipo \u00abpara llevar la manija\u00bb y un lateral que enriquece la salida por banda izquierda<\/strong><\/em><\/p>\n<p>Todo lo que se diga en una presentaci\u00f3n de nuevos jugadores, sobre todo desde hace 12 a\u00f1os, hay que ponerlo en cuarentena como m\u00ednimo hasta bien avanzada la temporada. Ya fueron descritos Sober\u00f3n y Femen\u00edas como futbolistas m\u00e1s que interesantes para el nuevo proyecto y hoy, Juan Carlos Cordero ha escarbado a\u00fan m\u00e1s en el macuto de los elogios para definir a Gori Gracia y Daniel Tasende. En ambos discursos, el director deportivo\u00a0 ha aprovechado para incidir en una cuesti\u00f3n, que \u00e9l est\u00e1 al servicio de V\u00edctor Fern\u00e1ndez y que los futbolistas elegidos son \u00abmuy de su gusto\u00bb. Hay en esa coletilla bastante de mandato de la c\u00fapula y una especie de escudo sobre su responsabilidad en el caso de que la reestructuraci\u00f3n de la plantilla salga rana. Los cuatro que han llegado, salvo Tasende, son piezas complementarias de un vestuario que se quiere alicatar para asumir el ascenso directo. Al menos para eso est\u00e1 el entrenador en cuerpo y alma, para subir sin medias tintas por el camino.<\/p>\n<p>El \u00abmuy de su gusto\u00bb se ha hecho tan popular que no hay medio de comunicaci\u00f3n de la ciudad que no lo incruste en alguna de sus informaciones del Real Zaragoza. Sin duda se refiere a un equipo presumiblemente de autor, algo que ya apenas se estila en el f\u00fatbol moderno, pero que el conjunto aragon\u00e9s ha recuperado bajo la norma de que los fichajes deben tener la bendici\u00f3n del t\u00e9cnico. Por el momento, con un \u00fanica salida de Naranjo de los no deseados con contrato y con este cuarteto, V\u00edctor, con Cordero servicial, deber\u00e1 mejorar bastante el paladar de la plantilla para que alguien ajenos a ellos se tome en serio el ansiado regreso a Primera Divisi\u00f3n.<\/p>\n<p>Sober\u00f3n es un delantero que ha destacado en el Eldense en su primera experiencia en la categor\u00eda, y Femen\u00edas, un correcto segundo portero. Tendr\u00e1n que ganarse el puesto, lo que no ser\u00e1 sencillo si se cumple el plan de un fortalecimiento superior. Con Gori Gracia, otro sin experiencia profesional, y Tasende ha subido algo el nivel de estas primeras operaciones. Estaba previsto que el centrocampista tuviera, despu\u00e9s de un largo periodo sin competir como consecuencia de dos roturas del cruzado, plaza en el filial o fuera cedido, pero el director deportivo no descart\u00f3 que tras la pretemporada sea un integrante m\u00e1s del primer equipo. \u00abEst\u00e1 capacitado para llevar la manija en el centro del campo\u00bb, apunt\u00f3 Cordero de un profesional que, pese asegurar que est\u00e1 al cien por cien, deber\u00e1 demostrar que su elegancia y su f\u00edsico armonizan para competir por lo m\u00e1ximo.<\/p>\n<p>Tasende era un objeto del deseo de Cordero. No pudo hacerse con sus servicios y ahora lo ha conseguido para cubrir una posici\u00f3n vac\u00eda por el incierto futuro de Nieto y la fragilidad de un Lecoeuche del que tambi\u00e9n se quiere prescindir. El ex del Villarreal B es muy del gusto de casi todo el mundo. En este caso, s\u00ed es una contrataci\u00f3n notable y con rendimiento inmediato. Se trata de una lateral de largo recorrido, valiente, profundo, con centros y disparos certeros y buena relaci\u00f3n con el gol. En los duelos defensivos y en el regreso a su puesto de combate natural, sin embargo le falta ajustar bastante.\u00a0 Falta de todo a\u00fan &#8211;tambi\u00e9n tiempo&#8211; para que el Real Zaragoza sea a imagen y de V\u00edctor, y descubrir si realmente que los futbolistas que le gusten al entrenador sean los adecuados para una competici\u00f3n dur\u00edsima por calendario y rivales. Y para una meta a la que se suele llegar con plantillas hechas y derechas, no con un asalto a La Bastilla cada verano.<\/p>\n<p><strong>GORI GRACIA<\/strong><\/p>\n<p><strong>Negociaci\u00f3n:<\/strong> \u00abDesde el primer momento que supe de su inter\u00e9s no dud\u00e9 ni un momento porque s\u00e9 de la grandeza del futbol del Real Zaragoza y este es un lugar ideal\u00a0 para seguir creciendo\u00bb.<\/p>\n<p><strong>Primer equipo:<\/strong> \u00abMe lo tomo como una oportunidad despu\u00e9s de tanto tiempo parado. Espero ganarme la confianza del entrenador\u00bb<\/p>\n<p><strong>F\u00edsicamente<\/strong>: \u00abEstoy al cien por cien con la rodilla. Me centro en entrear y jugar para estar al m\u00e1ximo nivel\u00bb<\/p>\n<p><strong>Peso del t\u00e9cnico:<\/strong> \u00abV\u00edctor me conoce, me segu\u00eda y ha sido un punto de inflexi\u00f3n grande para decidirme. Me ha transmitido ya lo que quiere de m\u00ed y debo devolverlo en el campo.\u00a0 Vengo a quedarme toda la temporada y jugar en La Romareda con el Real Zaragoza\u00bb<\/p>\n<p><strong>Su estilo<\/strong>: Soy un jugador con mucha personalidad, quiero el bal\u00f3n y defensivamente soy ordenado. Todo lo que hago es\u00a0 alrededor de la pelota\u00bb.<\/p>\n<p><strong>TASENDE<\/strong><\/p>\n<p>Cordero\u00bb: Fue na operaci\u00f3n muy compleja aunque hemos contado con la palabra y las facilidades del Villarreal. Es muy del agrado de V\u00edctor. Su perfil es ofensivo, vertical, r\u00e1pido, con un buen centro. Es un lateral moderno\u00bb.<\/p>\n<p><strong>Por qu\u00e9 el Real Zaragoza:<\/strong> \u00abHab\u00eda varios clubes interesados. El a\u00f1o pasado quise venir y se ha dado esta temporada. \u00abCuando escuch\u00e9 que me quer\u00eda el Real Zaragoza no pens\u00e9 en ning\u00fan club m\u00e1s\u00bb.<\/p>\n<p><strong>Competencia en el puesto:<\/strong> \u00abEs buena porque ayuda al equipo para que estemos al cien por cien\u00bb.<\/p>\n<p><strong>Ambiente:<\/strong> \u00abMuy bueno. Nos han arropado muy bien. Nos formaremos en la pretemporada para conocernos mejor. Ojal\u00e1 sea un buen a\u00f1o\u00bb<\/p>\n<p><strong>Se define:<\/strong> \u00abMis puntos fuertes son ofensivos, incorporarme y salir de atr\u00e1s. Llegar a la l\u00ednea de fondo\u00bb.<\/p>\n<p><strong>Objetivo<\/strong> personal: \u00abSe puede aspirar a mucho para estar, pasito\u00a0 pasito, lo m\u00e1s arriba posible\u00bb.<\/p>\n<p>&nbsp;<\/p>\n","protected":false},"excerpt":{"rendered":"<p>Cordero reincide en su predisposici\u00f3n por agradar al entrenador en las presentaciones de\u00a0 un centrocampista cuyo destino final apunta al primer equipo \u00abpara llevar la manija\u00bb y un lateral que enriquece la salida por banda izquierda Todo lo que se diga en una presentaci\u00f3n de nuevos jugadores, sobre todo desde <a class=\"read-more\" href=\"https:\/\/principesdeparis.es\/principes\/gori-y-tasende-muy-del-gusto-de-victor\/\">Sigue leyendo<\/a><\/p>\n","protected":false},"author":2,"featured_media":15678,"comment_status":"open","ping_status":"open","sticky":false,"template":"","format":"standard","meta":{"footnotes":""},"categories":[13,1],"tags":[],"class_list":["post-15672","post","type-post","status-publish","format-standard","has-post-thumbnail","hentry","category-publicidad","category-real-zaragoza"],"_links":{"self":[{"href":"https:\/\/principesdeparis.es\/principes\/wp-json\/wp\/v2\/posts\/15672","targetHints":{"allow":["GET"]}}],"collection":[{"href":"https:\/\/principesdeparis.es\/principes\/wp-json\/wp\/v2\/posts"}],"about":[{"href":"https:\/\/principesdeparis.es\/principes\/wp-json\/wp\/v2\/types\/post"}],"author":[{"embeddable":true,"href":"https:\/\/principesdeparis.es\/principes\/wp-json\/wp\/v2\/users\/2"}],"replies":[{"embeddable":true,"href":"https:\/\/principesdeparis.es\/principes\/wp-json\/wp\/v2\/comments?post=15672"}],"version-history":[{"count":9,"href":"https:\/\/principesdeparis.es\/principes\/wp-json\/wp\/v2\/posts\/15672\/revisions"}],"predecessor-version":[{"id":15683,"href":"https:\/\/principesdeparis.es\/principes\/wp-json\/wp\/v2\/posts\/15672\/revisions\/15683"}],"wp:featuredmedia":[{"embeddable":true,"href":"https:\/\/principesdeparis.es\/principes\/wp-json\/wp\/v2\/media\/15678"}],"wp:attachment":[{"href":"https:\/\/principesdeparis.es\/principes\/wp-json\/wp\/v2\/media?parent=15672"}],"wp:term":[{"taxonomy":"category","embeddable":true,"href":"https:\/\/principesdeparis.es\/principes\/wp-json\/wp\/v2\/categories?post=15672"},{"taxonomy":"post_tag","embeddable":true,"href":"https:\/\/principesdeparis.es\/principes\/wp-json\/wp\/v2\/tags?post=15672"}],"curies":[{"name":"wp","href":"https:\/\/api.w.org\/{rel}","templated":true}]}}