{"id":15687,"date":"2024-07-14T12:40:03","date_gmt":"2024-07-14T12:40:03","guid":{"rendered":"https:\/\/principesdeparis.es\/principes\/?p=15687"},"modified":"2024-08-28T12:36:43","modified_gmt":"2024-08-28T12:36:43","slug":"los-capitanes-del-real-zaragoza-senalaron-al-doctor-irineo-de-los-martires","status":"publish","type":"post","link":"https:\/\/principesdeparis.es\/principes\/los-capitanes-del-real-zaragoza-senalaron-al-doctor-irineo-de-los-martires\/","title":{"rendered":"Los capitanes del Real Zaragoza se\u00f1alaron al doctor Ireneo de los M\u00e1rtires"},"content":{"rendered":"<p style=\"text-align: center;\"><em><strong>La inusual plaga de lesiones y las reca\u00eddas, los diagn\u00f3sticos sin luz y la tardanza en las recuperaciones hicieron que el vestuario mostrar\u00e1 su descontento con el trabajo del jefe de los servicios m\u00e9dicos<\/strong><\/em><\/p>\n<p>Uno de los grandes misterios de la pasada temporada sigue sin resolverse en este Real Zaragoza que tapa las explicaciones a su p\u00e9simo ejercicio deportivo pese a la descafeinada rueda de prensa que ofreci\u00f3 Cordero, la cuestionable campa\u00f1a de abonados y sus verdaderas intenciones de cara al pr\u00f3ximo curso tras un c\u00f3nclave de sonrisas huecas de sinceridad en Madrid y la presentaci\u00f3n a bombo y platillo de la nueva camiseta. La salvaci\u00f3n del equipo en la pen\u00faltima jornada, las quejas de gran parte de los aficionados afectados por el derribo del Fondo Sur y el supuesto proyecto de ascenso al que, a un mes del inicio de la competici\u00f3n, ha sumado cuatro fichajes oficiales de nivel medio, Sober\u00f3n, Femen\u00edas, Gori Gracia y Tasende y ninguna operaci\u00f3n de salida concretada salvo la de Naranjo. Todo se ha metido en el envase del mutismo, incluida la presentaci\u00f3n de Fernando L\u00f3pez, el nuevo director general una vez que Ra\u00fal Sanlleh\u00ed pas\u00f3 por la puerta giratoria del grupo hacia el Inter de Miami. Todo. Tambi\u00e9n el porqu\u00e9 y los porqu\u00e9s de un curso donde la reiteraci\u00f3n de lesiones han triturado al vestuario con una variedad que, esta vez, cuesta justificar bajo el paraguas de lo aleatorio.<\/p>\n<p>Al concretarse la permanencia, y antes de una comida informal entre la plantilla, los capitanes del Real Zaragoza, Cristian \u00c1lvarez, Jair Amador, Carlos Nieto, Llu\u00eds L\u00f3pez y Maikel Mesa, mantuvieron una reuni\u00f3n con la directiva para analizar la temporada y sugerir mejoras en diferentes aspectos de cara al futuro. Uno de los temas tratados en profundidad, , seg\u00fan ha podido saber Pr\u00edncipes de Paris, fue el de los servicios m\u00e9dicos que encabeza desde 2019 el doctor Ireneo de los M\u00e1rtires, quien fue se\u00f1alado por los futbolistas como principal responsable del alud de lesiones del que s\u00f3lo se libraron Jair, Franc\u00e9s, Mesa, Mouri\u00f1o (este con una pubalgia todo el casi todo el a\u00f1o), Poussin, Rebollo, Grau y Sergi Enrich.<\/p>\n<p>Las reca\u00eddas, los diagn\u00f3sticos sin luz y la tardanza en las recuperaciones acapararon la conversaci\u00f3n, en la que se expuso tambi\u00e9n el malestar y la desconfianza en el m\u00e9dico hasta tal punto que muchos de los damnificados tuvieron que buscar soluciones por su cuenta acudiendo a otras consultas ajenas al club. La c\u00fapula traslad\u00f3 a De los M\u00e1rtires, quien compagina y no siempre ajustando su tiempo de trabajo y horarios &#8211;un tema muy comentado en la Ciudad Deportiva&#8211; su cargo en el Real Zaragoza con su especialidad en Medicina Interna y de Urgencia Hospitalaria en el Hospital Cl\u00ednico Universitario Lozano Blesa, esa intranquilidad de la plantilla del conjunto aragon\u00e9s. Su escapatoria o decisi\u00f3n fue prescindir de dos fisioterapeutas de la primera plantilla y poner sobre la mesa de las salidas el nombre de un miembro m\u00e1s del \u00e1rea de recuperaci\u00f3n muy considerado por su profesionalidad entre los futbolistas, algo que en este caso no logr\u00f3.<\/p>\n","protected":false},"excerpt":{"rendered":"<p>La inusual plaga de lesiones y las reca\u00eddas, los diagn\u00f3sticos sin luz y la tardanza en las recuperaciones hicieron que el vestuario mostrar\u00e1 su descontento con el trabajo del jefe de los servicios m\u00e9dicos Uno de los grandes misterios de la pasada temporada sigue sin resolverse en este Real Zaragoza <a class=\"read-more\" href=\"https:\/\/principesdeparis.es\/principes\/los-capitanes-del-real-zaragoza-senalaron-al-doctor-irineo-de-los-martires\/\">Sigue leyendo<\/a><\/p>\n","protected":false},"author":2,"featured_media":15688,"comment_status":"open","ping_status":"open","sticky":false,"template":"","format":"standard","meta":{"footnotes":""},"categories":[13,1],"tags":[],"class_list":["post-15687","post","type-post","status-publish","format-standard","has-post-thumbnail","hentry","category-publicidad","category-real-zaragoza"],"_links":{"self":[{"href":"https:\/\/principesdeparis.es\/principes\/wp-json\/wp\/v2\/posts\/15687","targetHints":{"allow":["GET"]}}],"collection":[{"href":"https:\/\/principesdeparis.es\/principes\/wp-json\/wp\/v2\/posts"}],"about":[{"href":"https:\/\/principesdeparis.es\/principes\/wp-json\/wp\/v2\/types\/post"}],"author":[{"embeddable":true,"href":"https:\/\/principesdeparis.es\/principes\/wp-json\/wp\/v2\/users\/2"}],"replies":[{"embeddable":true,"href":"https:\/\/principesdeparis.es\/principes\/wp-json\/wp\/v2\/comments?post=15687"}],"version-history":[{"count":7,"href":"https:\/\/principesdeparis.es\/principes\/wp-json\/wp\/v2\/posts\/15687\/revisions"}],"predecessor-version":[{"id":16282,"href":"https:\/\/principesdeparis.es\/principes\/wp-json\/wp\/v2\/posts\/15687\/revisions\/16282"}],"wp:featuredmedia":[{"embeddable":true,"href":"https:\/\/principesdeparis.es\/principes\/wp-json\/wp\/v2\/media\/15688"}],"wp:attachment":[{"href":"https:\/\/principesdeparis.es\/principes\/wp-json\/wp\/v2\/media?parent=15687"}],"wp:term":[{"taxonomy":"category","embeddable":true,"href":"https:\/\/principesdeparis.es\/principes\/wp-json\/wp\/v2\/categories?post=15687"},{"taxonomy":"post_tag","embeddable":true,"href":"https:\/\/principesdeparis.es\/principes\/wp-json\/wp\/v2\/tags?post=15687"}],"curies":[{"name":"wp","href":"https:\/\/api.w.org\/{rel}","templated":true}]}}