{"id":15696,"date":"2024-07-15T13:59:11","date_gmt":"2024-07-15T13:59:11","guid":{"rendered":"https:\/\/principesdeparis.es\/principes\/?p=15696"},"modified":"2024-07-15T13:59:11","modified_gmt":"2024-07-15T13:59:11","slug":"cordero-asumio-un-riesgo-fisico-en-el-fichaje-de-bakis","status":"publish","type":"post","link":"https:\/\/principesdeparis.es\/principes\/cordero-asumio-un-riesgo-fisico-en-el-fichaje-de-bakis\/","title":{"rendered":"Cordero asumi\u00f3 un riesgo f\u00edsico en el fichaje de Bakis"},"content":{"rendered":"<p style=\"text-align: center;\"><em><strong>El equipo m\u00e9dico inform\u00f3 al director deportivo de que exist\u00eda un problema de \u00falceras en la rodilla derecha del delantero que derivaron en una meniscopat\u00eda, pero el ejecutivo no lo considero suficiente para abortar la contrataci\u00f3n m\u00e1s cara<\/strong><\/em><\/p>\n<p>Juan Carlos Cordero quiere colocar a Sinan Bakis lo m\u00e1s lejos posible del Real Zaragoza, en Turqu\u00eda seg\u00fan apunta la prensa otomana en las \u00faltimas horas (el Ankarag\u00fcc\u00fc), pero lo que no tendr\u00e1 f\u00e1cil es liberar la carga econ\u00f3mica de los 800.000 euros anuales que firm\u00f3 el pasado verano por hacerse con los servicios durante tres temporadas de un jugador que f\u00edsicamente no llegaba al cien por cien. La docena de goles que hab\u00eda hecho el turco en el Andorra en su primera experiencia en el f\u00fatbol espa\u00f1ol sedujeron al ejecutivo hasta tal punto que asumi\u00f3 el riesgo que le comunic\u00f3 el equipo m\u00e9dico cuando el atacante pas\u00f3 el reconocimiento: su rodilla derecha presentaba una serie de \u00falceras en el cart\u00edlago que podr\u00edan poner en peligro su rendimiento en el futuro. Sin embargo, se consider\u00f3 por ambas partes que la articulaci\u00f3n era apta para soportar la carga de esfuerzos y Cordero dio su visto bueno a la contrataci\u00f3n m\u00e1s cara del pasado verano, un aut\u00e9ntica pesadilla y un derroche que ahora pretende minimizar para soslayar semejante imprudencia.<\/p>\n<p>A principios de noviembre, el d\u00eda 4, la rodilla de Bakis dijo basta en un golpe fortuito durante el entrenamiento, justo antes de que el Real Zaragoza recibiera al Real Oviedo en La Romareda. Las pruebas a las que fue sometido detectaron que sufr\u00eda una meniscopat\u00eda y se dictamin\u00f3 que en lugar de pasar por el quir\u00f3fano, lo que le condenaba a perderse el resto del curso, se sometiera a un tratamiento conservador. Sin haber marcado un solo gol, el delantero estuvo tres meses de baja, periodo que abarc\u00f3 un mercado invernal en el que Cordero descart\u00f3 reforzar la posici\u00f3n a la espera del regreso del turco y unos cart\u00edlagos ya en constante sospecha despu\u00e9s de esa prolongada estancia en la enfermer\u00eda. El punta volvi\u00f3 en febrero de forma progresiva. Fue suplente contra el Sporting, disput\u00f3 11 minutos ante el \u00c9ibar y la segunda parte de la derrota en casa frente al Cartagena. Segu\u00eda sin ver puerta y la sobrecarga de esfuerzos le pas\u00f3 factura en otro ensayo, esta vez con una lesi\u00f3n muscular en el adductor de su pierna derecha. V\u00edctor Fern\u00e1ndez, pese a que no ten\u00eda ritmo competitivo tras tres jornadas ausente, aprovech\u00f3 el alta m\u00e9dica para apostar en su debut todo o nada por Bakis, el \u00fanico delantero que le convenc\u00eda de la plantilla.<\/p>\n<p>Cinco titularidades consecutivas fueron suficientes para comprobar que el turco arrastraba una melancol\u00eda deportiva muy ligada a su penitencia f\u00edsica. No consigui\u00f3 un solo tanto, ni tan siquiera disponer de ocasiones, por lo que al t\u00e9cnico zaragozano no le qued\u00f3 m\u00e1s remedio que recurrir a Az\u00f3n, con la compa\u00f1\u00eda de Liso, para que tirara ofensivamente de un equipo que se escurr\u00eda hacia el descenso. En los \u00faltimos siete partidos, Bakis apareci\u00f3, casi como un fantasma, 19 minutos, a rebufo incluso de Sergi Enrich y Cuenca. Las \u00falceras de su rodilla derecha descubiertas hace poco m\u00e1s de un a\u00f1o y que el jefe de los servicios m\u00e9dicos, Irineo de los M\u00e1rtires, y Cordero sobre todo estimaron causa insuficiente para frenar su fichaje, han tenido un precio elevad\u00edsimo en el trascurso de la campa\u00f1a pasada mientras se busca a alguien que adopte a pr\u00e9stamo a uno de los grades fiascos de la triste y reciente historia del Real Zaragoza.<\/p>\n","protected":false},"excerpt":{"rendered":"<p>El equipo m\u00e9dico inform\u00f3 al director deportivo de que exist\u00eda un problema de \u00falceras en la rodilla derecha del delantero que derivaron en una meniscopat\u00eda, pero el ejecutivo no lo considero suficiente para abortar la contrataci\u00f3n m\u00e1s cara Juan Carlos Cordero quiere colocar a Sinan Bakis lo m\u00e1s lejos posible <a class=\"read-more\" href=\"https:\/\/principesdeparis.es\/principes\/cordero-asumio-un-riesgo-fisico-en-el-fichaje-de-bakis\/\">Sigue leyendo<\/a><\/p>\n","protected":false},"author":2,"featured_media":15698,"comment_status":"open","ping_status":"open","sticky":false,"template":"","format":"standard","meta":{"footnotes":""},"categories":[13,1],"tags":[],"class_list":["post-15696","post","type-post","status-publish","format-standard","has-post-thumbnail","hentry","category-publicidad","category-real-zaragoza"],"_links":{"self":[{"href":"https:\/\/principesdeparis.es\/principes\/wp-json\/wp\/v2\/posts\/15696","targetHints":{"allow":["GET"]}}],"collection":[{"href":"https:\/\/principesdeparis.es\/principes\/wp-json\/wp\/v2\/posts"}],"about":[{"href":"https:\/\/principesdeparis.es\/principes\/wp-json\/wp\/v2\/types\/post"}],"author":[{"embeddable":true,"href":"https:\/\/principesdeparis.es\/principes\/wp-json\/wp\/v2\/users\/2"}],"replies":[{"embeddable":true,"href":"https:\/\/principesdeparis.es\/principes\/wp-json\/wp\/v2\/comments?post=15696"}],"version-history":[{"count":1,"href":"https:\/\/principesdeparis.es\/principes\/wp-json\/wp\/v2\/posts\/15696\/revisions"}],"predecessor-version":[{"id":15697,"href":"https:\/\/principesdeparis.es\/principes\/wp-json\/wp\/v2\/posts\/15696\/revisions\/15697"}],"wp:featuredmedia":[{"embeddable":true,"href":"https:\/\/principesdeparis.es\/principes\/wp-json\/wp\/v2\/media\/15698"}],"wp:attachment":[{"href":"https:\/\/principesdeparis.es\/principes\/wp-json\/wp\/v2\/media?parent=15696"}],"wp:term":[{"taxonomy":"category","embeddable":true,"href":"https:\/\/principesdeparis.es\/principes\/wp-json\/wp\/v2\/categories?post=15696"},{"taxonomy":"post_tag","embeddable":true,"href":"https:\/\/principesdeparis.es\/principes\/wp-json\/wp\/v2\/tags?post=15696"}],"curies":[{"name":"wp","href":"https:\/\/api.w.org\/{rel}","templated":true}]}}