{"id":15700,"date":"2024-07-16T14:39:46","date_gmt":"2024-07-16T14:39:46","guid":{"rendered":"https:\/\/principesdeparis.es\/principes\/?p=15700"},"modified":"2024-07-16T17:12:50","modified_gmt":"2024-07-16T17:12:50","slug":"ivan-calero-primer-inquilino-el-lateral-derecho","status":"publish","type":"post","link":"https:\/\/principesdeparis.es\/principes\/ivan-calero-primer-inquilino-el-lateral-derecho\/","title":{"rendered":"Iv\u00e1n Calero, primer inquilino del lateral derecho"},"content":{"rendered":"<p>Con Andr\u00e9s Borge recuper\u00e1ndose de la operaci\u00f3n de plastia del ligamento cruzado anterior de la rodilla que se hab\u00eda lesionado en 2020; Marcos Luna camino de una nueva cesi\u00f3n, Zedadka de retorno al Lille y Fran G\u00e1mez en Elda despu\u00e9s de que el Real Zaragoza decidiera no renovarle el contrato, la banda derecha se hab\u00eda quedado hu\u00e9rfana por completo para el proyecto 2024-2025 que se est\u00e1 cociendo a fuego lento. Mouri\u00f1o, central que fue utilizado en esa posici\u00f3n tan transitada, regres\u00f3 tambi\u00e9n de su pr\u00e9stamo al Atl\u00e9tico, de donde ya no volver\u00e1. Hab\u00eda que fichar cuanto antes un futbolista para ese espacio y hoy se ha confirmado el primero, Iv\u00e1n Calero, un madrile\u00f1o de Parla de 29 a\u00f1os quien llega desde el Cartagena, destino en el que ha ofrecido su mejor versi\u00f3n profesional durante las dos \u00faltimas temporadas .<\/p>\n<p>La negociaci\u00f3n se ha estirado por \u00a0la cl\u00e1usula de rescisi\u00f3n de su contrato, que expiraba en 2025, y que alcanzaba los 750.000 euros, pero las partes han llegado a un acuerdo por menos de la mitad (variables aparte) por el que el futbolista recale en la Romareda para las tres pr\u00f3ximas campa\u00f1as, es decir hasta 2027. Calero es un defensor formado en la cantera del Atl\u00e9tico de Madrid, donde coincidi\u00f3 con el exzaragocista Bono, que ha militado con el tiempo en el Derby County, de la Championship, Burton Albion en la League One, Sparta Rotterdam, Elche, Salamanca UDS, Numancia, M\u00e1laga y Alcorc\u00f3n antes de destacar en en el equipo de Cartagonova. En esta \u00faltima fase de su carrera es cuando realmente ha elevado su nivel. Hijo del actual entrenador del Levante, Juli\u00e1n Calero, el lateral se convierte en el quinto fichaje despu\u00e9s de Sober\u00f3n, Femen\u00edas, Gori Gracia y Tasende.<\/p>\n","protected":false},"excerpt":{"rendered":"<p>Con Andr\u00e9s Borge recuper\u00e1ndose de la operaci\u00f3n de plastia del ligamento cruzado anterior de la rodilla que se hab\u00eda lesionado en 2020; Marcos Luna camino de una nueva cesi\u00f3n, Zedadka de retorno al Lille y Fran G\u00e1mez en Elda despu\u00e9s de que el Real Zaragoza decidiera no renovarle el contrato, <a class=\"read-more\" href=\"https:\/\/principesdeparis.es\/principes\/ivan-calero-primer-inquilino-el-lateral-derecho\/\">Sigue leyendo<\/a><\/p>\n","protected":false},"author":2,"featured_media":15706,"comment_status":"open","ping_status":"open","sticky":false,"template":"","format":"standard","meta":{"footnotes":""},"categories":[13,1],"tags":[],"class_list":["post-15700","post","type-post","status-publish","format-standard","has-post-thumbnail","hentry","category-publicidad","category-real-zaragoza"],"_links":{"self":[{"href":"https:\/\/principesdeparis.es\/principes\/wp-json\/wp\/v2\/posts\/15700","targetHints":{"allow":["GET"]}}],"collection":[{"href":"https:\/\/principesdeparis.es\/principes\/wp-json\/wp\/v2\/posts"}],"about":[{"href":"https:\/\/principesdeparis.es\/principes\/wp-json\/wp\/v2\/types\/post"}],"author":[{"embeddable":true,"href":"https:\/\/principesdeparis.es\/principes\/wp-json\/wp\/v2\/users\/2"}],"replies":[{"embeddable":true,"href":"https:\/\/principesdeparis.es\/principes\/wp-json\/wp\/v2\/comments?post=15700"}],"version-history":[{"count":14,"href":"https:\/\/principesdeparis.es\/principes\/wp-json\/wp\/v2\/posts\/15700\/revisions"}],"predecessor-version":[{"id":15716,"href":"https:\/\/principesdeparis.es\/principes\/wp-json\/wp\/v2\/posts\/15700\/revisions\/15716"}],"wp:featuredmedia":[{"embeddable":true,"href":"https:\/\/principesdeparis.es\/principes\/wp-json\/wp\/v2\/media\/15706"}],"wp:attachment":[{"href":"https:\/\/principesdeparis.es\/principes\/wp-json\/wp\/v2\/media?parent=15700"}],"wp:term":[{"taxonomy":"category","embeddable":true,"href":"https:\/\/principesdeparis.es\/principes\/wp-json\/wp\/v2\/categories?post=15700"},{"taxonomy":"post_tag","embeddable":true,"href":"https:\/\/principesdeparis.es\/principes\/wp-json\/wp\/v2\/tags?post=15700"}],"curies":[{"name":"wp","href":"https:\/\/api.w.org\/{rel}","templated":true}]}}