{"id":160,"date":"2021-01-20T18:28:53","date_gmt":"2021-01-20T18:28:53","guid":{"rendered":"https:\/\/principesdeparis.es\/principes\/?p=160"},"modified":"2021-01-22T18:30:29","modified_gmt":"2021-01-22T18:30:29","slug":"por-que-quiere-jim-que-alegria-no-salga-del-area","status":"publish","type":"post","link":"https:\/\/principesdeparis.es\/principes\/por-que-quiere-jim-que-alegria-no-salga-del-area\/","title":{"rendered":"\u00bfPor qu\u00e9 quiere JIM que Alegr\u00eda no salga del \u00e1rea?"},"content":{"rendered":"<p id=\"viewer-539nn\" class=\"XzvDs _208Ie ljrnk blog-post-text-font blog-post-text-color _2QAo- _25MYV _1Fao9 ljrnk public-DraftStyleDefault-block-depth0 public-DraftStyleDefault-text-ltr\"><span class=\"vkIF2 public-DraftStyleDefault-ltr\"><strong>\u00c1lex Alegr\u00eda<\/strong> ha desvelado en su presentaci\u00f3n como nuevo jugador zaragocista que Juan Ignacio Mart\u00ednez le ha indicado c\u00f3mo tiene que actuar, y lo ha hecho sin tomar curva alguna: que no salga del \u00e1rea para marcar y para atacar los centros. El t\u00e9cnico sabe perfectamente con qui\u00e9n habla. El extreme\u00f1o, un junco de 188 cent\u00edmetros, ha desarrollado una<strong> carrera guadianesca <\/strong>desde que lograra su mejor registro anotador, 1<strong>2 goles<\/strong>, en su primera experiencia seria en el f\u00fatbol profesional con el <strong>Numancia.<\/strong> Nunca ha logrado asentarse en la titularidad, con una carrera n\u00f3mada trufada de cesiones y pocos goles. Salvo la temporada anterior en el Extremadura, donde hizo seis dianas, sus registros por lo general han sido pobres para un especialista, lo que ha conducido a la p\u00e9rdida de confianza de la mayor\u00eda de lo entrenadores. Esta es la tercera ocasi\u00f3n que que sale a pr\u00e9stamo en invierno: antes lo hizo del <strong>Rayo<\/strong> al <strong>Sporting<\/strong> y del <strong>Mallorca <\/strong>al <strong>Extremadura<\/strong>. Todos esperan sacar rendimiento a sus condiciones naturales de ariete, quien a sus 28 a\u00f1os busca en La Romareda un lugar donde sentirse completo de una vez.<\/span><\/p>\n<div id=\"viewer-c69v9\" class=\"XzvDs _208Ie ljrnk blog-post-text-font blog-post-text-color _2QAo- _25MYV _1Fao9 ljrnk public-DraftStyleDefault-block-depth0 public-DraftStyleDefault-text-ltr\"><span class=\"vkIF2 public-DraftStyleDefault-ltr\">\u00a0<\/span><\/div>\n<p id=\"viewer-d7aps\" class=\"XzvDs _208Ie ljrnk blog-post-text-font blog-post-text-color _2QAo- _25MYV _1Fao9 ljrnk public-DraftStyleDefault-block-depth0 public-DraftStyleDefault-text-ltr\"><span class=\"vkIF2 public-DraftStyleDefault-ltr\">\u00bfPor qu\u00e9<strong> JIM <\/strong>ha sido tan expl\u00edcito con su nuevo pupilo? Porque Alegr\u00eda es un hombre de <strong>\u00e1rea puro <\/strong>aunque con su complexi\u00f3n f\u00edsica pueda ser una referencia para iniciar algunos metros antes las acciones ofensivas. Sin embargo, su<strong> para\u00edso<\/strong> est\u00e1 muy<strong> delimitado,<\/strong> y fuera de \u00e9l pierde gas. Ni posee una velocidad llamativa ni un surtido de habilidades para restar enemigos en el regate. Tampoco es un virtuoso de la asociaci\u00f3n. Eso no quiere decir que este despose\u00eddo de <strong>t\u00e9cnica<\/strong> ni de capacidad para explotarla, pero su productividad es mayor cuanto m\u00e1s<strong> cerca<\/strong> est\u00e1 de la <strong>porter\u00eda<\/strong>. Estamos ante un<strong> finalizador<\/strong> con pierna larga para la <strong>anticipaci\u00f3n <\/strong>y un <strong>golpeo veloz <\/strong>en los balones que acuden hacia una posici\u00f3n que detecta con el radar de los depredadores. Su <strong>dominio del espacio a\u00e9reo<\/strong> es notable porque le favorece su estatura pero tambi\u00e9n por instinto. Sabe terminar con <strong>sangre fr\u00eda<\/strong> los duelos con los guardametas y atacar los pases laterales por bajo. De vez en cuando, deja detalles de gran nivel en sus goles. Alegr\u00eda, sin embargo, necesita que le alimenten, lo que le convierte en un <strong>futbolista muy dependiente<\/strong>.<\/span><\/p>\n<div id=\"viewer-enh77\" class=\"XzvDs _208Ie ljrnk blog-post-text-font blog-post-text-color _2QAo- _25MYV _1Fao9 ljrnk public-DraftStyleDefault-block-depth0 public-DraftStyleDefault-text-ltr\"><span class=\"vkIF2 public-DraftStyleDefault-ltr\">\u00a0<\/span><\/div>\n<p id=\"viewer-1t2uk\" class=\"XzvDs _208Ie ljrnk blog-post-text-font blog-post-text-color _2QAo- _25MYV _1Fao9 ljrnk public-DraftStyleDefault-block-depth0 public-DraftStyleDefault-text-ltr\"><span class=\"vkIF2 public-DraftStyleDefault-ltr\">Para que no salga del \u00e1rea, sin duda su escenario favorito, el atacante va a necesitar un Real Zaragoza mucho<strong> m\u00e1s profundo y preciso<\/strong> por las orillas, y en estos momentos ese papel corresponde casi en exclusiva a <strong>Vigaray<\/strong> y <strong>Chavarr\u00eda<\/strong>, con desigual fortuna en los centros, porque extremos ni hay ni se les espera. Tambi\u00e9n ser\u00e1 interesante comprobar c\u00f3mo mezcla con <strong>Narv\u00e1ez,<\/strong> quien deber\u00e1 ser uno de sus principales<strong> suministradores interiores<\/strong> junto a<strong> Bermejo<\/strong>. El extreme\u00f1o viene a\u00fan con la <strong>etiqueta<\/strong> de goleador colgada en una fama a la que no ha respondido con regularidad ni n\u00fameros. En esta ocasi\u00f3n va a asumir la gran <strong>responsabilidad<\/strong> de ofrecer lo mejor sin intermitencias en un equipo que le exige que <strong>marque<\/strong> muchas <strong>diferencias<\/strong>. <\/span><\/p>\n<p>&nbsp;<\/p>\n<p>&lt;iframe width=\u00bb560&#8243; height=\u00bb315&#8243; src=\u00bbhttps:\/\/www.youtube.com\/embed\/H32W4kr8TZQ\u00bb frameborder=\u00bb0&#8243; allow=\u00bbaccelerometer; autoplay; clipboard-write; encrypted-media; gyroscope; picture-in-picture\u00bb allowfullscreen&gt;&lt;\/iframe&gt;<\/p>\n","protected":false},"excerpt":{"rendered":"<p>\u00c1lex Alegr\u00eda ha desvelado en su presentaci\u00f3n como nuevo jugador zaragocista que Juan Ignacio Mart\u00ednez le ha indicado c\u00f3mo tiene que actuar, y lo ha hecho sin tomar curva alguna: que no salga del \u00e1rea para marcar y para atacar los centros. El t\u00e9cnico sabe perfectamente con qui\u00e9n habla. El <a class=\"read-more\" href=\"https:\/\/principesdeparis.es\/principes\/por-que-quiere-jim-que-alegria-no-salga-del-area\/\">Sigue leyendo<\/a><\/p>\n","protected":false},"author":1,"featured_media":161,"comment_status":"open","ping_status":"open","sticky":false,"template":"","format":"standard","meta":{"footnotes":""},"categories":[1],"tags":[],"class_list":["post-160","post","type-post","status-publish","format-standard","has-post-thumbnail","hentry","category-real-zaragoza"],"_links":{"self":[{"href":"https:\/\/principesdeparis.es\/principes\/wp-json\/wp\/v2\/posts\/160","targetHints":{"allow":["GET"]}}],"collection":[{"href":"https:\/\/principesdeparis.es\/principes\/wp-json\/wp\/v2\/posts"}],"about":[{"href":"https:\/\/principesdeparis.es\/principes\/wp-json\/wp\/v2\/types\/post"}],"author":[{"embeddable":true,"href":"https:\/\/principesdeparis.es\/principes\/wp-json\/wp\/v2\/users\/1"}],"replies":[{"embeddable":true,"href":"https:\/\/principesdeparis.es\/principes\/wp-json\/wp\/v2\/comments?post=160"}],"version-history":[{"count":1,"href":"https:\/\/principesdeparis.es\/principes\/wp-json\/wp\/v2\/posts\/160\/revisions"}],"predecessor-version":[{"id":162,"href":"https:\/\/principesdeparis.es\/principes\/wp-json\/wp\/v2\/posts\/160\/revisions\/162"}],"wp:featuredmedia":[{"embeddable":true,"href":"https:\/\/principesdeparis.es\/principes\/wp-json\/wp\/v2\/media\/161"}],"wp:attachment":[{"href":"https:\/\/principesdeparis.es\/principes\/wp-json\/wp\/v2\/media?parent=160"}],"wp:term":[{"taxonomy":"category","embeddable":true,"href":"https:\/\/principesdeparis.es\/principes\/wp-json\/wp\/v2\/categories?post=160"},{"taxonomy":"post_tag","embeddable":true,"href":"https:\/\/principesdeparis.es\/principes\/wp-json\/wp\/v2\/tags?post=160"}],"curies":[{"name":"wp","href":"https:\/\/api.w.org\/{rel}","templated":true}]}}