{"id":16027,"date":"2024-08-14T10:32:16","date_gmt":"2024-08-14T10:32:16","guid":{"rendered":"https:\/\/principesdeparis.es\/principes\/?p=16027"},"modified":"2024-08-14T11:25:09","modified_gmt":"2024-08-14T11:25:09","slug":"victor-mete-presion-a-cordero","status":"publish","type":"post","link":"https:\/\/principesdeparis.es\/principes\/victor-mete-presion-a-cordero\/","title":{"rendered":"V\u00edctor mete presi\u00f3n a Cordero"},"content":{"rendered":"<p style=\"text-align: center;\"><strong>El t\u00e9cnico lanza sus reflexiones sobre el ascenso: \u00abLo tenemos todo muy claro, pero est\u00e1 muy focalizado en lo que necesitamos de aqu\u00ed a final de mercado, y nos faltan bastantes, bastantes jugadores\u00bb. Anuncia que Bermejo seguir\u00e1<\/strong><\/p>\n<p><strong>Fernando L\u00f3pez y el ascenso:<\/strong> \u00abYa lo dije en la rueda de prensa anterior. Mi aspiraci\u00f3n era luchar por con seguir el objetivo del ascenso. Esa era la raz\u00f3n que me llevaba a aceptar seguir al frente del Real Zaragoza. Esa fue la condici\u00f3n que puse, intentar crear y construir un equipo que nos diera esas opciones, y por tanto me siento identificado con las palabras de Fernando. L\u00f3gicamente este deseo, esta ilusi\u00f3n, este sue\u00f1o no debe escaparase de lo que es la realidad futbol\u00edstica. Y no podemos obviarlo. \u00bfD\u00f3nde queremos ir?a Donde dice nuestro director general, al ascenso. Pero hay que hacerse dos preguntas importantes \u00bfd\u00f3nde estoy para ir donde quiero ir?, y en el d\u00eda de hoy estamos muy lejos de alcanzar ese objetivo comparativamente a clubes que ya est\u00e1n construidos como el C\u00e1diz, el Almer\u00eda, el Eibar, el Granada, el Oviedo, el Oviedo, el Elche, el Levante&#8230; Hay una tercera reflexi\u00f3n, \u00bfcu\u00e1l es el camino que hemos elegido? Lo tenemos muy claro pero est\u00e1 muy focalizado en que necesitamos de aqu\u00ed a final de mercado, y nos faltan bastantes, bastantes jugadores para que se completen estos razonamientos de los que estamos hablando. Entonces tendremos m\u00e1s claro con qu\u00e9 coche salimos a competir con todos esos que tiene las mimas o m\u00e1s posibilidades. Se me dijo desde el primer minuto que tuviera paciencia, la tengo y la seguir\u00e9 teniendo hasta el \u00faltimo momento sin ponerse nervioso. Todo lleva un proceso y no es f\u00e1cil y no quiere jugadores complementarios sino que entiendan que sean diferenciales, con jerarqu\u00eda y conciencia de titulares, dentro de nuestras posibilidades. Este el proceso que llevamos en la construcci\u00f3n de un sue\u00f1o que queremos que sea realidad para no defraudar a nadie\u00bb.<\/p>\n<p><strong>Fichajes<\/strong> <strong>ilusionantes<\/strong>: \u00abSer\u00e1 ilusionante los que llevo en la cabeza, muy ilusionantes. En mi programa mental estoy muy ilusionado, pero insisto en que estoy contento con\u00a0 lo que tengo, con esfuerzos importantes por estos futbolistas. Estamos en el buen camino pero todav\u00eda no donde corresponde para luchar hasta el \u00faltimo partido.\u00a0 Ser\u00e1 dif\u00edcil pujar por ellos y por eso se alarga tanto el mercado. Para m\u00ed es complicado entrenar con 30 futbolistas y haciendo tareas que no son de buen gusto ni se corresponde con la plantilla definitiva. Noto que hemos mejorado mucho en la calidad de los entrenamientos con respecto al a\u00f1o pasado\u00bb.<\/p>\n<p><strong>Salidas y Bermejo se queda:<\/strong> \u00abTrabajar con tantos futbolistas resulta muy inc\u00f3modo. Hace d\u00edas he tenido que renunciar a jugadores del filial porque no es su momento y porque es imposible coordinar las tareas. Noes c\u00f3modo, pero hay que llevarlo con profesionalidad, buen talante y respeto. Se est\u00e1 alargando mucho pero estamos esperando ofertas que satisfagan las ilusiones de los futbolistas y las intenciones del club. Me da la impresi\u00f3n de que se alargar\u00e1 hasta el final. En cuanto a Bermejo, lo conozco como espectador . Me encajaba. La idea es que siga si no viene alguna oferta. Seguramente jugar\u00e1 en C\u00e1diz?<\/p>\n<p><strong>La porter\u00eda:<\/strong> \u00abHace d\u00edas que es un tema cerrado. Despu\u00e9s de ver las respuestas de Poussin, ya reseteado de los incidentes dram\u00e1ticos que cometi\u00f3 la temporada pasada, y Femen\u00edas, estamos tranquilos por su ilusi\u00f3n. Con Cristian lo llevamos con tranquilidad, no vamos a tener prisa y no viajar\u00e1 a C\u00e1diz\u00bb.<\/p>\n<p><strong>Aketxe y Vital:<\/strong> \u00abAketxe es un futbolista que me encanta y nos dar\u00e1 el punto de experiencia que tiene este jugador que conoce y domina la categor\u00eda. Antes era un jugador de acciones espor\u00e1dicas, pero con el tiempo ha mejorado much\u00edsimo en la lectura de los partidos y sigue siendo decisivo en la jugada parada. Tambi\u00e9n ha mejorado en su retorno defensivo y era trascendental con la forma que yo quiero que se juegue. Vital, s\u00f3lo por v\u00eddeos, saco la conclusi\u00f3n de que hemos fichado en un buen defensa, mejorable con s\u00f3lo 23 a\u00f1os. Es muy despierto y no puedo sacra m\u00e1s conclusiones. Es un l\u00edder, comunica mucho y tiene buena salida de pelota cosa que es importante porque vamos a tener muy poca presencia f\u00edsica de tama\u00f1o. Por eso necesitamos a partir de ahora jugadores con talento y con tama\u00f1o. Los dos tiene muchas opciones de jugar el viernes\u00bb.<\/p>\n<p><strong>Adri\u00e1n<\/strong> <strong>Liso<\/strong>: \u00abLiso es necesario porque es una se\u00f1a de identidad ( ya estoy viendo otro que me est\u00e1 gustando mucho y puedo ser a considerar dentro d poco). Potente, profundo, muy vertical mu dif\u00edcil de marcar. Lo m\u00e1s importante es que sabe los puntos que debe mejorar como la pausa. Luego est\u00e1 la cl\u00e1usula, que para eso est\u00e1n. Ya hemo vendido. Los temas de Franc\u00e9s y Mesa eran temas muy evidentes que no se dan en Liso salvo que se pague esa cl\u00e1usula\u00bb.<\/p>\n<p><strong>Pau Sans:<\/strong> \u00abCuneta con la ventaja de escasez arriba y lo est\u00e1 aprovechando muy muy bien. He visto un jugador muy superior a la campa\u00f1a anterior. Tiene una gran versatilidad porque puede actuar en las tres posiciones arriba y viajar\u00e1 con opciones de jugar\u00bb.<\/p>\n<p><strong>El C\u00e1diz:<\/strong> \u00abNos enfrentamos a uno de los dos mejores de la categor\u00eda. Tiene la estructura de la temporada pasada y han fichado a Ontiveros, que me parece un <em>fichajazo<\/em>. Tiene de todo. Experiencia defensiva, mucho oficio en el centro del campo, con piernas por los extremos, dos delanteros dominantes como Chris Ramos y Roger. Nosotros llegamos sin hacer sabiendo c\u00f3mo queremos jugar y a ver hasta d\u00f3nde nos alcanza. Tenemos que jugar con respeto pero sin miedo\u00bb.<\/p>\n","protected":false},"excerpt":{"rendered":"<p>El t\u00e9cnico lanza sus reflexiones sobre el ascenso: \u00abLo tenemos todo muy claro, pero est\u00e1 muy focalizado en lo que necesitamos de aqu\u00ed a final de mercado, y nos faltan bastantes, bastantes jugadores\u00bb. Anuncia que Bermejo seguir\u00e1 Fernando L\u00f3pez y el ascenso: \u00abYa lo dije en la rueda de prensa <a class=\"read-more\" href=\"https:\/\/principesdeparis.es\/principes\/victor-mete-presion-a-cordero\/\">Sigue leyendo<\/a><\/p>\n","protected":false},"author":2,"featured_media":16028,"comment_status":"open","ping_status":"open","sticky":false,"template":"","format":"standard","meta":{"footnotes":""},"categories":[13,1],"tags":[],"class_list":["post-16027","post","type-post","status-publish","format-standard","has-post-thumbnail","hentry","category-publicidad","category-real-zaragoza"],"_links":{"self":[{"href":"https:\/\/principesdeparis.es\/principes\/wp-json\/wp\/v2\/posts\/16027","targetHints":{"allow":["GET"]}}],"collection":[{"href":"https:\/\/principesdeparis.es\/principes\/wp-json\/wp\/v2\/posts"}],"about":[{"href":"https:\/\/principesdeparis.es\/principes\/wp-json\/wp\/v2\/types\/post"}],"author":[{"embeddable":true,"href":"https:\/\/principesdeparis.es\/principes\/wp-json\/wp\/v2\/users\/2"}],"replies":[{"embeddable":true,"href":"https:\/\/principesdeparis.es\/principes\/wp-json\/wp\/v2\/comments?post=16027"}],"version-history":[{"count":10,"href":"https:\/\/principesdeparis.es\/principes\/wp-json\/wp\/v2\/posts\/16027\/revisions"}],"predecessor-version":[{"id":16038,"href":"https:\/\/principesdeparis.es\/principes\/wp-json\/wp\/v2\/posts\/16027\/revisions\/16038"}],"wp:featuredmedia":[{"embeddable":true,"href":"https:\/\/principesdeparis.es\/principes\/wp-json\/wp\/v2\/media\/16028"}],"wp:attachment":[{"href":"https:\/\/principesdeparis.es\/principes\/wp-json\/wp\/v2\/media?parent=16027"}],"wp:term":[{"taxonomy":"category","embeddable":true,"href":"https:\/\/principesdeparis.es\/principes\/wp-json\/wp\/v2\/categories?post=16027"},{"taxonomy":"post_tag","embeddable":true,"href":"https:\/\/principesdeparis.es\/principes\/wp-json\/wp\/v2\/tags?post=16027"}],"curies":[{"name":"wp","href":"https:\/\/api.w.org\/{rel}","templated":true}]}}