{"id":16041,"date":"2024-08-14T15:34:35","date_gmt":"2024-08-14T15:34:35","guid":{"rendered":"https:\/\/principesdeparis.es\/principes\/?p=16041"},"modified":"2024-08-14T17:01:40","modified_gmt":"2024-08-14T17:01:40","slug":"nino-un-chico-de-oro-para-el-real-zaragoza","status":"publish","type":"post","link":"https:\/\/principesdeparis.es\/principes\/nino-un-chico-de-oro-para-el-real-zaragoza\/","title":{"rendered":"Ni\u00f1o, un chico de &#8216;oro&#8217; para el Real Zaragoza"},"content":{"rendered":"<p>Las sinergias apuntan a\u00a0 ofrecer al Real Zaragoza, por fin, un futbolista que dentro de su caparaz\u00f3n de joven promesa (20 a\u00f1os), lleva balas en la cartuchera. Un segundo delantero de agitaci\u00f3n constante, con 1,84 de altura y capaz de barrer por todas las posiciones ofensivas con carencia hacia la finca del <em>9<\/em>. El conjunto aragon\u00e9s ha solicitado su cesi\u00f3n y todo indica que podr\u00eda ser el d\u00e9cimo fichaje y posiblemente, teniendo en cuenta que su techo ha estado en el filial rojiblanco que dirig\u00eda Tevenet en 1\u00aa RFEF, el que genere m\u00e1s revuelo si confirma en La Romareda su espectacular progresi\u00f3n en la f\u00e1brica rojiblanca. A\u00fan as\u00ed, seg\u00fan informa el Peri\u00f3dico de Arag\u00f3n, Fernando Torres se ha interpuesto en su salida porque cuenta con \u00e9l para el proyecto del filial que capitanear\u00e1 esta temporada, lo que podr\u00eda dificultar e incluso abortar la operaci\u00f3n.<\/p>\n<p>Todo lo que se dice de Adri\u00e1n Ni\u00f1o (19 de junio de 2004, Rota) es para elogiar su figura, delgada y zancuda hasta que a\u00f1adi\u00f3 diez kilos de m\u00fasculo a su cuerpo, el que descart\u00f3 el C\u00e1diz despu\u00e9s de captarlo de la UD Rote\u00f1a. El Atl\u00e9tico ni lo dud\u00f3 cuando lo vio en el Sanluque\u00f1o y se lo llev\u00f3 para Madrid, para el juvenil A de Fernando Torres, donde el futbolista hizo nada menos que 36 goles en 33 encuentros y se convirti\u00f3 en el primer jugador en las nueve ediciones de la Youth League en marcar en todos los encuentros de la fase de grupos (diez goles en nueve partidos en la competici\u00f3n europea de juveniles). La joya sure\u00f1a pas\u00f3 por todas las fases de pulido colchonera hasta elevar su versi\u00f3n lo m\u00e1ximo posible, mejora que tuvo como consecuencia su debut en las selecciones sub 18 y sub 19 y su renovaci\u00f3n hasta 2027 con una cl\u00e1usula de rescisi\u00f3n pr\u00f3xima a los 60 millones para frenar en seco el inter\u00e9s del Real Madrid.<\/p>\n<p>Una de sus caracter\u00edsticas m\u00e1s llamativas es la capacidad que tiene para golear al primer toque, una inquietud y eficacia que despert\u00f3 el inter\u00e9s de Simeone para incluirle en los entrenamientos del primer equipo e incluso, como consecuencia de una plaga de bajas, en la lista de convocados para el partido ante Osasuna en El Sadar en el mes de septiembre del curso pasado. Esta temporada, que comenz\u00f3 en el banquillo, ha conseguido 9 goles para el equipo de Tevenet (13 en total en su cuenta personal si se suma las cuatro que hizo en la Youth League).<\/p>\n<p>El Real Zaragoza, despu\u00e9s de ver pasar de largo incluso en su estrecha relaci\u00f3n con el Metropolitano a a futbolistas como Riquelme, Camello, Carlos Mart\u00edn y suspirar en la actual por un central de categor\u00eda superior en todos los sentidos como <span class=\"ent-dtab-nam-ov-dtnp ent-dtab-tabuxv1\">Ilias Kostis, podr\u00eda cerrar esa campa\u00f1a de pr\u00e9stamo con un delantero que en principio llegar\u00eda ba\u00f1ado en el oro de las esperanzas con fundamento. Si Fernando Torres lo permite.\u00a0<\/span><\/p>\n<p>&nbsp;<\/p>\n","protected":false},"excerpt":{"rendered":"<p>Las sinergias apuntan a\u00a0 ofrecer al Real Zaragoza, por fin, un futbolista que dentro de su caparaz\u00f3n de joven promesa (20 a\u00f1os), lleva balas en la cartuchera. Un segundo delantero de agitaci\u00f3n constante, con 1,84 de altura y capaz de barrer por todas las posiciones ofensivas con carencia hacia la <a class=\"read-more\" href=\"https:\/\/principesdeparis.es\/principes\/nino-un-chico-de-oro-para-el-real-zaragoza\/\">Sigue leyendo<\/a><\/p>\n","protected":false},"author":2,"featured_media":16042,"comment_status":"open","ping_status":"open","sticky":false,"template":"","format":"standard","meta":{"footnotes":""},"categories":[13,1],"tags":[],"class_list":["post-16041","post","type-post","status-publish","format-standard","has-post-thumbnail","hentry","category-publicidad","category-real-zaragoza"],"_links":{"self":[{"href":"https:\/\/principesdeparis.es\/principes\/wp-json\/wp\/v2\/posts\/16041","targetHints":{"allow":["GET"]}}],"collection":[{"href":"https:\/\/principesdeparis.es\/principes\/wp-json\/wp\/v2\/posts"}],"about":[{"href":"https:\/\/principesdeparis.es\/principes\/wp-json\/wp\/v2\/types\/post"}],"author":[{"embeddable":true,"href":"https:\/\/principesdeparis.es\/principes\/wp-json\/wp\/v2\/users\/2"}],"replies":[{"embeddable":true,"href":"https:\/\/principesdeparis.es\/principes\/wp-json\/wp\/v2\/comments?post=16041"}],"version-history":[{"count":9,"href":"https:\/\/principesdeparis.es\/principes\/wp-json\/wp\/v2\/posts\/16041\/revisions"}],"predecessor-version":[{"id":16051,"href":"https:\/\/principesdeparis.es\/principes\/wp-json\/wp\/v2\/posts\/16041\/revisions\/16051"}],"wp:featuredmedia":[{"embeddable":true,"href":"https:\/\/principesdeparis.es\/principes\/wp-json\/wp\/v2\/media\/16042"}],"wp:attachment":[{"href":"https:\/\/principesdeparis.es\/principes\/wp-json\/wp\/v2\/media?parent=16041"}],"wp:term":[{"taxonomy":"category","embeddable":true,"href":"https:\/\/principesdeparis.es\/principes\/wp-json\/wp\/v2\/categories?post=16041"},{"taxonomy":"post_tag","embeddable":true,"href":"https:\/\/principesdeparis.es\/principes\/wp-json\/wp\/v2\/tags?post=16041"}],"curies":[{"name":"wp","href":"https:\/\/api.w.org\/{rel}","templated":true}]}}