{"id":16053,"date":"2024-08-15T09:38:26","date_gmt":"2024-08-15T09:38:26","guid":{"rendered":"https:\/\/principesdeparis.es\/principes\/?p=16053"},"modified":"2024-08-15T09:38:26","modified_gmt":"2024-08-15T09:38:26","slug":"victor-golpea-con-la-realidad","status":"publish","type":"post","link":"https:\/\/principesdeparis.es\/principes\/victor-golpea-con-la-realidad\/","title":{"rendered":"V\u00edctor golpea con la realidad"},"content":{"rendered":"<p>Es un placer para m\u00ed volver a dirigirme a los lectores de Pr\u00edncipes de Par\u00eds con el dorsal 10, mi favorito desde siempre. Pel\u00e9 y despu\u00e9s Arr\u00faa, a los que vi juntos en la Romareda aquel 3 de septiembre de 1974, fueron quienes marcaron mi personalidad futbol\u00edstica. El buen f\u00fatbol, el talento, la creatividad por encima de los cerrados sistemas actuales basados en la fuerza f\u00edsica y en el toque permanente del bal\u00f3n, me hac\u00edan disfrutar de lo inesperado y del gol en cualquier momento. Un club cercano, una afici\u00f3n exigente, un estadio que fue creciendo gracias al Mundial 82 y a Barcelona 92. Poco despu\u00e9s todo se fue viniendo abajo tras la conquista de la Recopa y de no disputar la Champions finalizada una excelente temporada. Alfonso Sol\u00e1ns Sol\u00e1ns se rindi\u00f3 y comenzaron a buscarse alternativas. El resto ya lo conocen ustedes de sobra y seguimos padeci\u00e9ndolo mucho tiempo despu\u00e9s, no hace falta ahora recordarlo.<\/p>\n<p>El derribo del coliseo zaragozano, que he visto desde una de las ventanas del Hospital Miguel Servet y desde la grada sur, ha rebasado mi capacidad de sorpresa dej\u00e1ndome sin apenas capacidad de reacci\u00f3n. En tres semanas veremos cubierto ese espacio con una lona y la pr\u00f3xima temporada se abrir\u00e1 el \u00abmodular\u00bb, un escenario que ser\u00e1 solamente un puente con el edificio ic\u00f3nico que promete ser la nueva Romareda; a la que entrar\u00e9 como un aficionado curioso pero sin la carga emocional que me supondr\u00eda volver a narrar los goles de un Real Zaragoza ojal\u00e1 en Primera Divisi\u00f3n.<\/p>\n<p>Por cierto, la estela de energ\u00eda y optimismo ofrecida a la afici\u00f3n blanquilla por el director general en un acto que me pareci\u00f3 agradable y bien desarrollado, fue r\u00e1pidamente difuminada por V\u00edctor Fern\u00e1ndez en su primera rueda de prensa antes del comienzo de esta liga. Ilusi\u00f3n, paciencia y compromiso pero con la realidad expresada por el entrenador: sin jugadores de calidad no habr\u00e1 opci\u00f3n de ascenso y a\u00fan faltan elementos de importancia para ello en posiciones clave. De momento, ma\u00f1ana viernes, el hist\u00f3rico Ram\u00f3n de Carranza nos acoger\u00e1 con apetito voraz.<\/p>\n","protected":false},"excerpt":{"rendered":"<p>Es un placer para m\u00ed volver a dirigirme a los lectores de Pr\u00edncipes de Par\u00eds con el dorsal 10, mi favorito desde siempre. Pel\u00e9 y despu\u00e9s Arr\u00faa, a los que vi juntos en la Romareda aquel 3 de septiembre de 1974, fueron quienes marcaron mi personalidad futbol\u00edstica. El buen f\u00fatbol, <a class=\"read-more\" href=\"https:\/\/principesdeparis.es\/principes\/victor-golpea-con-la-realidad\/\">Sigue leyendo<\/a><\/p>\n","protected":false},"author":3,"featured_media":16055,"comment_status":"open","ping_status":"open","sticky":false,"template":"","format":"standard","meta":{"footnotes":""},"categories":[16,13],"tags":[],"class_list":["post-16053","post","type-post","status-publish","format-standard","has-post-thumbnail","hentry","category-el10","category-publicidad"],"_links":{"self":[{"href":"https:\/\/principesdeparis.es\/principes\/wp-json\/wp\/v2\/posts\/16053","targetHints":{"allow":["GET"]}}],"collection":[{"href":"https:\/\/principesdeparis.es\/principes\/wp-json\/wp\/v2\/posts"}],"about":[{"href":"https:\/\/principesdeparis.es\/principes\/wp-json\/wp\/v2\/types\/post"}],"author":[{"embeddable":true,"href":"https:\/\/principesdeparis.es\/principes\/wp-json\/wp\/v2\/users\/3"}],"replies":[{"embeddable":true,"href":"https:\/\/principesdeparis.es\/principes\/wp-json\/wp\/v2\/comments?post=16053"}],"version-history":[{"count":2,"href":"https:\/\/principesdeparis.es\/principes\/wp-json\/wp\/v2\/posts\/16053\/revisions"}],"predecessor-version":[{"id":16056,"href":"https:\/\/principesdeparis.es\/principes\/wp-json\/wp\/v2\/posts\/16053\/revisions\/16056"}],"wp:featuredmedia":[{"embeddable":true,"href":"https:\/\/principesdeparis.es\/principes\/wp-json\/wp\/v2\/media\/16055"}],"wp:attachment":[{"href":"https:\/\/principesdeparis.es\/principes\/wp-json\/wp\/v2\/media?parent=16053"}],"wp:term":[{"taxonomy":"category","embeddable":true,"href":"https:\/\/principesdeparis.es\/principes\/wp-json\/wp\/v2\/categories?post=16053"},{"taxonomy":"post_tag","embeddable":true,"href":"https:\/\/principesdeparis.es\/principes\/wp-json\/wp\/v2\/tags?post=16053"}],"curies":[{"name":"wp","href":"https:\/\/api.w.org\/{rel}","templated":true}]}}