{"id":16057,"date":"2024-08-15T12:54:10","date_gmt":"2024-08-15T12:54:10","guid":{"rendered":"https:\/\/principesdeparis.es\/principes\/?p=16057"},"modified":"2024-08-15T12:54:10","modified_gmt":"2024-08-15T12:54:10","slug":"los-nueve-fichajes-van-a-cadiz","status":"publish","type":"post","link":"https:\/\/principesdeparis.es\/principes\/los-nueve-fichajes-van-a-cadiz\/","title":{"rendered":"Los nueve fichajes van a C\u00e1diz"},"content":{"rendered":"<p>V\u00edctor Fern\u00e1ndez ha incluido a los nuevo fichajes para hacer frente al debut del Real Zaragoza ma\u00f1ana (21.30) en el Nuevo Mirandilla frente al C\u00e1diz. El t\u00e9cnico incluye a Femen\u00edas, Calero, Tasende, Vital, Gori, Keidi Bare, Aketxe, Sober\u00f3n y Bazdar. Pau Sans, como ya adelant\u00f3 el entrenador, tambi\u00e9n ha entrado en una citaci\u00f3n donde figuran los todav\u00eda transferibles Jair, Lecoeuche, Grau y Luna, ya que Bermejo, que hab\u00eda estado en la n\u00f3mina de salidas, seguir\u00e1 en la plantilla.<\/p>\n","protected":false},"excerpt":{"rendered":"<p>V\u00edctor Fern\u00e1ndez ha incluido a los nuevo fichajes para hacer frente al debut del Real Zaragoza ma\u00f1ana (21.30) en el Nuevo Mirandilla frente al C\u00e1diz. El t\u00e9cnico incluye a Femen\u00edas, Calero, Tasende, Vital, Gori, Keidi Bare, Aketxe, Sober\u00f3n y Bazdar. Pau Sans, como ya adelant\u00f3 el entrenador, tambi\u00e9n ha entrado <a class=\"read-more\" href=\"https:\/\/principesdeparis.es\/principes\/los-nueve-fichajes-van-a-cadiz\/\">Sigue leyendo<\/a><\/p>\n","protected":false},"author":2,"featured_media":16058,"comment_status":"open","ping_status":"open","sticky":false,"template":"","format":"standard","meta":{"footnotes":""},"categories":[13,1],"tags":[],"class_list":["post-16057","post","type-post","status-publish","format-standard","has-post-thumbnail","hentry","category-publicidad","category-real-zaragoza"],"_links":{"self":[{"href":"https:\/\/principesdeparis.es\/principes\/wp-json\/wp\/v2\/posts\/16057","targetHints":{"allow":["GET"]}}],"collection":[{"href":"https:\/\/principesdeparis.es\/principes\/wp-json\/wp\/v2\/posts"}],"about":[{"href":"https:\/\/principesdeparis.es\/principes\/wp-json\/wp\/v2\/types\/post"}],"author":[{"embeddable":true,"href":"https:\/\/principesdeparis.es\/principes\/wp-json\/wp\/v2\/users\/2"}],"replies":[{"embeddable":true,"href":"https:\/\/principesdeparis.es\/principes\/wp-json\/wp\/v2\/comments?post=16057"}],"version-history":[{"count":1,"href":"https:\/\/principesdeparis.es\/principes\/wp-json\/wp\/v2\/posts\/16057\/revisions"}],"predecessor-version":[{"id":16059,"href":"https:\/\/principesdeparis.es\/principes\/wp-json\/wp\/v2\/posts\/16057\/revisions\/16059"}],"wp:featuredmedia":[{"embeddable":true,"href":"https:\/\/principesdeparis.es\/principes\/wp-json\/wp\/v2\/media\/16058"}],"wp:attachment":[{"href":"https:\/\/principesdeparis.es\/principes\/wp-json\/wp\/v2\/media?parent=16057"}],"wp:term":[{"taxonomy":"category","embeddable":true,"href":"https:\/\/principesdeparis.es\/principes\/wp-json\/wp\/v2\/categories?post=16057"},{"taxonomy":"post_tag","embeddable":true,"href":"https:\/\/principesdeparis.es\/principes\/wp-json\/wp\/v2\/tags?post=16057"}],"curies":[{"name":"wp","href":"https:\/\/api.w.org\/{rel}","templated":true}]}}