{"id":16061,"date":"2024-08-15T15:47:42","date_gmt":"2024-08-15T15:47:42","guid":{"rendered":"https:\/\/principesdeparis.es\/principes\/?p=16061"},"modified":"2024-08-16T12:58:24","modified_gmt":"2024-08-16T12:58:24","slug":"algo-mas-que-un-simple-partido-de-debut","status":"publish","type":"post","link":"https:\/\/principesdeparis.es\/principes\/algo-mas-que-un-simple-partido-de-debut\/","title":{"rendered":"Algo m\u00e1s que un simple partido de debut"},"content":{"rendered":"<p style=\"text-align: center;\"><em><strong>La r\u00e9plica de V\u00edctor a Fernando L\u00f3pez sobre el ascenso, el mensaje del t\u00e9cnico a Cordero y la propiedad para que no bajen la guardia en el mercado y el resultado que se d\u00e9 en C\u00e1diz otorgan relevancia a esta cita inaugural<\/strong><\/em><\/p>\n<p>Las aguas no bajan tranquilas en el Real Zaragoza. V\u00edctor Fern\u00e1ndez simula la paciencia que le ha pedido la propiedad pero no es un entrenador acostumbrado a comenzar las temporadas en esta tesitura de absoluta provisionalidad, mucho menos cuando Fernando L\u00f3pez, el director general, sale por primera vez a escena para se\u00f1alar el ascenso como objetivo ineludible. Quieren que le den lo que ha pedido y, por el momento, eso no ha ocurrido, teniendo adem\u00e1s que recular en las intenciones de mantenerse firme con los descartados, algo que no va a ocurrir con Bermejo. En esta reconstrucci\u00f3n masiva a\u00fan casi a medias hay varios jugadores de Juan Carlos Cordero que V\u00edctor no conoc\u00eda, caso de Bernardo Vital, uno gestionado por los inversores, Bazdar, y una porter\u00eda que al final se ha quedado como estaba cuando en la hoja de ruta figuraba el fichaje de un guardameta que ocupara la plaza de Poussin. Al d\u00eda siguiente de que el director general sacara pecho con el regreso inmediato a Primera, V\u00edctor hizo uso de su turno para replicar la bravuconada del ejecutivo con una serie de razonamientos, el principal que le faltan bastantes, bastantes futbolistas para plantearse siquiera esa meta. Traslad\u00f3 la presi\u00f3n al director deportivo y la responsabilidad a la directiva, y por el camino dijo que la plantilla ahora mismo es peque\u00f1ita. Con poco tacto, pero con la verdad por delante, se le ve muy a la expectativa de lo que sucede hasta el 30 de agosto.<\/p>\n<p>En el Nuevo Mirandilla (21.30), frente a un C\u00e1diz con sus problemas pero con el esqueleto suficiente para postularse como gran potencia de la categor\u00eda desde la primera jornada, es muy probable que el Real Zaragoza juegue con una alineaci\u00f3n en la que est\u00e9 Jair con el cartel de trasferible y posiblemente Bermejo. Aunque Vital ha llegado f\u00edsicamente en forma, parece improbable que desplace del once a Llu\u00eds L\u00f3pez, quien mientras el portugu\u00e9s se aclimata y no venga otro central superior, seguir\u00e1 con sus galones de pretemporada. Con Femen\u00edas en el arco, las bandas ser\u00e1n propiedad de Calero y Tasende. A mediados de agosto, con los equipos muy tiernos, el centro del campo se convierte en un refugio de alta seguridad, y aqu\u00ed Toni Moya, muy del gusto de V\u00edctor como ya se ha comprobado, la c\u00f3lera de Keidi Bare y el rigor posicional de Aguado apuntan a fijos en un 1-4-3-3 que tendr\u00e1 a Sober\u00f3n, el mejor durante el verano, Liso y Az\u00f3n o Bazdar con m\u00e1s opciones para el canterano como hombres m\u00e1s avanzados. \u00bfAketxe? Lo m\u00e1s l\u00f3gico es que vaya entrando poco a poco, aunque conociendo la devoci\u00f3n del entrenador por el vizca\u00edno&#8230; La apuesta de inicio por el ca\u00f1onero zurdo cambiar\u00eda demasiadas cosas para un equipo cogido con hilos y que si de algo puede complacerse es de una homogeneidad de la que no ser\u00eda aconsejable desprenderse en este momento.<\/p>\n<p>Con V\u00edctor con la mosca detr\u00e1s de la oreja, el Real Zaragoza interino hace frente al primero de sus tres choques consecutivos lejos de La Romareda. Nada menos que en C\u00e1diz, un reci\u00e9n ca\u00eddo que no podr\u00e1 contar con Rub\u00e9n Alcaraz, pieza fundamental en la medular, ni con Ontiveros, un verso libre con poes\u00eda intermitente, de la familia futbol\u00edstica de Aketxe. Aun con esas bajas, Paco L\u00f3pez, que ha puesto por la nubes el rendimiento del Real Zaragoza al mismo tiempo que V\u00edctor lo ha hecho con los gaditanos &#8211;la estrategia de ceder con elegancia la responsabilidad al otro&#8211;, amasa un bloque bastante compacto, con flecos todav\u00eda de Primera. El carril de Iv\u00e1n Alejo, que ha renovado hasta 2028, es puro veneno, y tendr\u00e1 a Tasende muy ocupado. Rub\u00e9n Sobrino tambi\u00e9n har\u00e1 que Calero active todas las alarmas, con Chris Ramos y Roger como m\u00e1s serias amenazas para unos centrales que van a tener que aplicarse muy en serio frente a la velocidad y verticalidad de ambos. Fali, el exzaragocista Iza, el en\u00e9rgico Matos y el solvente V\u00edctor Chust custodiar\u00e1n a Caro, por detr\u00e1s del doble pivote formado por \u00c1lex Fern\u00e1ndez y el canterano Moussa, que ha llegado como un tiro de los Juegos Ol\u00edmpicos, donde particip\u00f3 con Mali.<\/p>\n<p>El partido tiene dos caras antes de empezar. Una presenta al Real Zaragoza vulnerable, presa f\u00e1cil. La otra, a la que debe agarrase el equipo aragon\u00e9s, es que en esta parrilla de salida ning\u00fan motor ruge con fiabilidad por muy llamativo que resulte su chasis. El C\u00e1diz, como hizo y logr\u00f3 en la primera mitad contra el Lazio en el trofeo Carranza, intentar\u00e1 robar y salir como un tiro por dentro y por fuera, atosigando al adversario con la m\u00e1xima intensidad. Despu\u00e9s, la gasolina no sobra, por lo que si el Real Zaragoza se mantiene intacto de esas agresiones, es muy posible que lleve la contienda al equilibrio. En el caso contrario, si del Nuevo Mirandilla se sale con un resultado llamativo para mal, las aguas intranquilas se volver\u00e1n turbias. Por eso este partido es algo m\u00e1s que un simple debut del que, por lo general, no suele sacarse grandes conclusiones.<\/p>\n<blockquote class=\"twitter-tweet\">\n<p dir=\"ltr\" lang=\"es\">&#x2705; Los para C\u00e1diz <a href=\"https:\/\/t.co\/od3XRSeifs\">pic.twitter.com\/od3XRSeifs<\/a><\/p>\n<p>\u2014 Real Zaragoza (@RealZaragoza) <a href=\"https:\/\/twitter.com\/RealZaragoza\/status\/1824063591693070710?ref_src=twsrc%5Etfw\">August 15, 2024<\/a><\/p><\/blockquote>\n<p><script async src=\"https:\/\/platform.twitter.com\/widgets.js\" charset=\"utf-8\"><\/script><\/p>\n<p><em>Foto<\/em> <em>Real\u00a0<\/em> <em>Zaragoza<\/em><\/p>\n","protected":false},"excerpt":{"rendered":"<p>La r\u00e9plica de V\u00edctor a Fernando L\u00f3pez sobre el ascenso, el mensaje del t\u00e9cnico a Cordero y la propiedad para que no bajen la guardia en el mercado y el resultado que se d\u00e9 en C\u00e1diz otorgan relevancia a esta cita inaugural Las aguas no bajan tranquilas en el Real <a class=\"read-more\" href=\"https:\/\/principesdeparis.es\/principes\/algo-mas-que-un-simple-partido-de-debut\/\">Sigue leyendo<\/a><\/p>\n","protected":false},"author":2,"featured_media":16062,"comment_status":"open","ping_status":"open","sticky":false,"template":"","format":"standard","meta":{"footnotes":""},"categories":[13,1],"tags":[],"class_list":["post-16061","post","type-post","status-publish","format-standard","has-post-thumbnail","hentry","category-publicidad","category-real-zaragoza"],"_links":{"self":[{"href":"https:\/\/principesdeparis.es\/principes\/wp-json\/wp\/v2\/posts\/16061","targetHints":{"allow":["GET"]}}],"collection":[{"href":"https:\/\/principesdeparis.es\/principes\/wp-json\/wp\/v2\/posts"}],"about":[{"href":"https:\/\/principesdeparis.es\/principes\/wp-json\/wp\/v2\/types\/post"}],"author":[{"embeddable":true,"href":"https:\/\/principesdeparis.es\/principes\/wp-json\/wp\/v2\/users\/2"}],"replies":[{"embeddable":true,"href":"https:\/\/principesdeparis.es\/principes\/wp-json\/wp\/v2\/comments?post=16061"}],"version-history":[{"count":3,"href":"https:\/\/principesdeparis.es\/principes\/wp-json\/wp\/v2\/posts\/16061\/revisions"}],"predecessor-version":[{"id":16074,"href":"https:\/\/principesdeparis.es\/principes\/wp-json\/wp\/v2\/posts\/16061\/revisions\/16074"}],"wp:featuredmedia":[{"embeddable":true,"href":"https:\/\/principesdeparis.es\/principes\/wp-json\/wp\/v2\/media\/16062"}],"wp:attachment":[{"href":"https:\/\/principesdeparis.es\/principes\/wp-json\/wp\/v2\/media?parent=16061"}],"wp:term":[{"taxonomy":"category","embeddable":true,"href":"https:\/\/principesdeparis.es\/principes\/wp-json\/wp\/v2\/categories?post=16061"},{"taxonomy":"post_tag","embeddable":true,"href":"https:\/\/principesdeparis.es\/principes\/wp-json\/wp\/v2\/tags?post=16061"}],"curies":[{"name":"wp","href":"https:\/\/api.w.org\/{rel}","templated":true}]}}