{"id":16065,"date":"2024-08-15T18:55:13","date_gmt":"2024-08-15T18:55:13","guid":{"rendered":"https:\/\/principesdeparis.es\/principes\/?p=16065"},"modified":"2024-08-16T12:42:21","modified_gmt":"2024-08-16T12:42:21","slug":"enrich-cedido-al-huesca","status":"publish","type":"post","link":"https:\/\/principesdeparis.es\/principes\/enrich-cedido-al-huesca\/","title":{"rendered":"Enrich, cedido al Huesca"},"content":{"rendered":"<p>El Real Zaragoza y la SD Huesca han llegado a un acuerdo para que Sergi Enrich milite en el conjunto oscense durante la pr\u00f3xima temporada. El mallorqu\u00edn, de 34 a\u00f1os, fue contratado el verano pasado con la carta de libertad despu\u00e9s de haber militado en el Real Oviedo y firm\u00f3 por dos campa\u00f1as. Su rendimiento, sin embargo, estuvo muy lejos de lo esperado tras una carrera trufada de tantos y sobre todo de calidad ofensiva en la mayor\u00eda de sus destinos.<\/p>\n<p>Tan s\u00f3lo ha participado en tres ocasiones de titular en los 32 partidos en los que han sido requeridos sus servicios. En su debut contra el Mirand\u00e9s fue expulsado al filo de la primera parte en una cita que acab\u00f3 con la victoria de los burgaleses. El Real Zaragoza tambi\u00e9n perdi\u00f3 con el punta de inicio, ante el Huesca y el Albacete. Sin goles y una escasa participaci\u00f3n en el circuito del juego, Enrich ofreci\u00f3 su mejor versi\u00f3n en dos de las tres \u00faltimas jornadas, frente al Racing de Ferrol y el Racing, contra quienes firm\u00f3 dos dianas que colaboraron a que el Real Zaragoza esquivar\u00e1 el peligro de descenso que le acechaba.<\/p>\n<p>La ficha del delantero, pr\u00f3xima a los 300.000 euros, ser\u00e1 compartida por ambos clubes, que han firmado la cl\u00e1usula del miedo, y es muy probable que el curso que le resta en La Romareda acabe en una negociaci\u00f3n para rescindir ese lazo laboral. El Huesca consigue de esta forma reforzar la l\u00ednea que m\u00e1s jugadores reclamaba y podr\u00eda hacerle debutar este mismo domingo en Elche.<\/p>\n","protected":false},"excerpt":{"rendered":"<p>El Real Zaragoza y la SD Huesca han llegado a un acuerdo para que Sergi Enrich milite en el conjunto oscense durante la pr\u00f3xima temporada. El mallorqu\u00edn, de 34 a\u00f1os, fue contratado el verano pasado con la carta de libertad despu\u00e9s de haber militado en el Real Oviedo y firm\u00f3 <a class=\"read-more\" href=\"https:\/\/principesdeparis.es\/principes\/enrich-cedido-al-huesca\/\">Sigue leyendo<\/a><\/p>\n","protected":false},"author":2,"featured_media":16066,"comment_status":"open","ping_status":"open","sticky":false,"template":"","format":"standard","meta":{"footnotes":""},"categories":[13,1],"tags":[],"class_list":["post-16065","post","type-post","status-publish","format-standard","has-post-thumbnail","hentry","category-publicidad","category-real-zaragoza"],"_links":{"self":[{"href":"https:\/\/principesdeparis.es\/principes\/wp-json\/wp\/v2\/posts\/16065","targetHints":{"allow":["GET"]}}],"collection":[{"href":"https:\/\/principesdeparis.es\/principes\/wp-json\/wp\/v2\/posts"}],"about":[{"href":"https:\/\/principesdeparis.es\/principes\/wp-json\/wp\/v2\/types\/post"}],"author":[{"embeddable":true,"href":"https:\/\/principesdeparis.es\/principes\/wp-json\/wp\/v2\/users\/2"}],"replies":[{"embeddable":true,"href":"https:\/\/principesdeparis.es\/principes\/wp-json\/wp\/v2\/comments?post=16065"}],"version-history":[{"count":7,"href":"https:\/\/principesdeparis.es\/principes\/wp-json\/wp\/v2\/posts\/16065\/revisions"}],"predecessor-version":[{"id":16073,"href":"https:\/\/principesdeparis.es\/principes\/wp-json\/wp\/v2\/posts\/16065\/revisions\/16073"}],"wp:featuredmedia":[{"embeddable":true,"href":"https:\/\/principesdeparis.es\/principes\/wp-json\/wp\/v2\/media\/16066"}],"wp:attachment":[{"href":"https:\/\/principesdeparis.es\/principes\/wp-json\/wp\/v2\/media?parent=16065"}],"wp:term":[{"taxonomy":"category","embeddable":true,"href":"https:\/\/principesdeparis.es\/principes\/wp-json\/wp\/v2\/categories?post=16065"},{"taxonomy":"post_tag","embeddable":true,"href":"https:\/\/principesdeparis.es\/principes\/wp-json\/wp\/v2\/tags?post=16065"}],"curies":[{"name":"wp","href":"https:\/\/api.w.org\/{rel}","templated":true}]}}