{"id":16075,"date":"2024-08-16T18:38:01","date_gmt":"2024-08-16T18:38:01","guid":{"rendered":"https:\/\/principesdeparis.es\/principes\/?p=16075"},"modified":"2024-08-16T19:14:16","modified_gmt":"2024-08-16T19:14:16","slug":"una-alineacion-con-ochos-siete-fichajes","status":"publish","type":"post","link":"https:\/\/principesdeparis.es\/principes\/una-alineacion-con-ochos-siete-fichajes\/","title":{"rendered":"Una alineaci\u00f3n con siete fichajes"},"content":{"rendered":"<p>Todos menos Gori y Akexe. El Real Zaragoza jugar\u00e1 esta noche contra el C\u00e1diz en su debut en la Liga con siete de los nueve fichajes que ha realizado en el mercado estival y la sorpresa relativa de ver a Toni Moya en el banquillo cuando hab\u00eda liderado el centro del campo durante toda la pretemporada. Asimismo, el t\u00e9cnico se guarda la baza del mediapunta vizca\u00edno puesto que el de Getxo a\u00fan no tiene el rimo competitivo de sus compa\u00f1eros, y mete a Vital por Jair en el eje de la defensa con la apuesta por Bazdar como referencia ofensiva en lugar de Iv\u00e1n Az\u00f3n cuando el canterano hab\u00eda sido otro de sus grandes elegidos en los amistosos. En el\u00a0<b>banquillo<\/b> se sientan Poussin, Ac\u00edn, Luna, Lecoeuche, Jair, Grau, Francho, Gori, Aketxe, Az\u00f3n y Pau Sans<\/p>\n<p>El central portugu\u00e9s se ha hecho con el puesto con apenas dos entrenamientos, pero ven\u00eda de jugar con el Estoril y su maquinaria se supone que est\u00e1 lo suficientemente engrasada a la espera de que concrete una entendimiento adecuado con sus compa\u00f1eros de zona, donde estar\u00e1n, adem\u00e1s de Femen\u00edas en la porter\u00eda,\u00a0 Llu\u00eds L\u00f3pez, Calero y Tasende. La medular, sin Moya, queda en manos de Aguado y Keidi Bare, con Bermejo y Liso en los costados, mientras que todo apunta a que V\u00edctor saldr\u00e1 con dos puntas, Sober\u00f3n y Bazdar.<\/p>\n<p>El C\u00e1diz, por su parte, repite el once que present\u00f3 en el Trofeo Carranza ante el Lazio. Las bajas de Rub\u00e9n Alcaraz, su faro en el mediocampo, Luis Fernd\u00e1ndez, San Emeterio y\u00a0 Ontiveros no le impiden a Paco L\u00f3pez confeccionar un equipo de nivel con Caro en la porter\u00eda; Iza, V\u00edctor Chust, Fali y Matos en defensa; \u00c1lex Fern\u00e1ndez y Moussa en el doble pivote, con Iv\u00e1n Alejo y Rub\u00e9n Sobrino en las alas, y Roger y Chris Ramos en ataque.<\/p>\n<p><strong>La alineaci\u00f3n del C\u00e1diz<\/strong><\/p>\n<blockquote class=\"twitter-tweet\">\n<p dir=\"ltr\" lang=\"pt\">&#x26aa;&#xfe0f; <a href=\"https:\/\/twitter.com\/hashtag\/C%C3%A1dizRealZaragoza?src=hash&amp;ref_src=twsrc%5Etfw\">#C\u00e1dizRealZaragoza<\/a><\/p>\n<p>\u00a1 ! <a href=\"https:\/\/t.co\/QecfyIKrmW\">pic.twitter.com\/QecfyIKrmW<\/a><\/p>\n<p>\u2014 C\u00e1diz Club de F\u00fatbol (@Cadiz_CF) <a href=\"https:\/\/twitter.com\/Cadiz_CF\/status\/1824512841300218310?ref_src=twsrc%5Etfw\">August 16, 2024<\/a><\/p><\/blockquote>\n<p><script async src=\"https:\/\/platform.twitter.com\/widgets.js\" charset=\"utf-8\"><\/script><\/p>\n<blockquote class=\"twitter-tweet\">\n<p lang=\"es\" dir=\"ltr\">VAMOS <\/p>\n<p>VAMOS<\/p>\n<p>&#x1f4aa;&#x1f4aa;&#x1f4aa; <a href=\"https:\/\/t.co\/Zu3L6NlNY5\">pic.twitter.com\/Zu3L6NlNY5<\/a><\/p>\n<p>&mdash; Real Zaragoza &#x1f981; (@RealZaragoza) <a href=\"https:\/\/twitter.com\/RealZaragoza\/status\/1824524671330517277?ref_src=twsrc%5Etfw\">August 16, 2024<\/a><\/p><\/blockquote>\n<p> <script async src=\"https:\/\/platform.twitter.com\/widgets.js\" charset=\"utf-8\"><\/script><\/p>\n<p>&nbsp;<\/p>\n","protected":false},"excerpt":{"rendered":"<p>Todos menos Gori y Akexe. El Real Zaragoza jugar\u00e1 esta noche contra el C\u00e1diz en su debut en la Liga con siete de los nueve fichajes que ha realizado en el mercado estival y la sorpresa relativa de ver a Toni Moya en el banquillo cuando hab\u00eda liderado el centro <a class=\"read-more\" href=\"https:\/\/principesdeparis.es\/principes\/una-alineacion-con-ochos-siete-fichajes\/\">Sigue leyendo<\/a><\/p>\n","protected":false},"author":2,"featured_media":16076,"comment_status":"open","ping_status":"open","sticky":false,"template":"","format":"standard","meta":{"footnotes":""},"categories":[13,1],"tags":[],"class_list":["post-16075","post","type-post","status-publish","format-standard","has-post-thumbnail","hentry","category-publicidad","category-real-zaragoza"],"_links":{"self":[{"href":"https:\/\/principesdeparis.es\/principes\/wp-json\/wp\/v2\/posts\/16075","targetHints":{"allow":["GET"]}}],"collection":[{"href":"https:\/\/principesdeparis.es\/principes\/wp-json\/wp\/v2\/posts"}],"about":[{"href":"https:\/\/principesdeparis.es\/principes\/wp-json\/wp\/v2\/types\/post"}],"author":[{"embeddable":true,"href":"https:\/\/principesdeparis.es\/principes\/wp-json\/wp\/v2\/users\/2"}],"replies":[{"embeddable":true,"href":"https:\/\/principesdeparis.es\/principes\/wp-json\/wp\/v2\/comments?post=16075"}],"version-history":[{"count":12,"href":"https:\/\/principesdeparis.es\/principes\/wp-json\/wp\/v2\/posts\/16075\/revisions"}],"predecessor-version":[{"id":16090,"href":"https:\/\/principesdeparis.es\/principes\/wp-json\/wp\/v2\/posts\/16075\/revisions\/16090"}],"wp:featuredmedia":[{"embeddable":true,"href":"https:\/\/principesdeparis.es\/principes\/wp-json\/wp\/v2\/media\/16076"}],"wp:attachment":[{"href":"https:\/\/principesdeparis.es\/principes\/wp-json\/wp\/v2\/media?parent=16075"}],"wp:term":[{"taxonomy":"category","embeddable":true,"href":"https:\/\/principesdeparis.es\/principes\/wp-json\/wp\/v2\/categories?post=16075"},{"taxonomy":"post_tag","embeddable":true,"href":"https:\/\/principesdeparis.es\/principes\/wp-json\/wp\/v2\/tags?post=16075"}],"curies":[{"name":"wp","href":"https:\/\/api.w.org\/{rel}","templated":true}]}}