{"id":16107,"date":"2024-08-16T23:03:57","date_gmt":"2024-08-16T23:03:57","guid":{"rendered":"https:\/\/principesdeparis.es\/principes\/?p=16107"},"modified":"2024-08-18T02:51:26","modified_gmt":"2024-08-18T02:51:26","slug":"30-anos-del-otro-0-4-de-victor-con-el-real-zaragoza","status":"publish","type":"post","link":"https:\/\/principesdeparis.es\/principes\/30-anos-del-otro-0-4-de-victor-con-el-real-zaragoza\/","title":{"rendered":"30 a\u00f1os del otro 0-4 de V\u00edctor con el Real Zaragoza"},"content":{"rendered":"<p>El Real Zaragoza consigui\u00f3 por \u00faltima vez en Liga una goleada similar a la de C\u00e1diz en la temporada 2018-2019, con Idiakez en el banquillo. El conjunto aragon\u00e9s visit\u00f3 el Carlos Tartiere en la cuarta jornada y se llev\u00f3 por delante al Real Oviedo con dianas de \u00c1lvaro V\u00e1zquez, Verdadca, Igbekeme y Soro. El t\u00e9cnico vasco estuvo diez encuentros al frente del equipo para ser sustituido por Alcaraz, quien dej\u00f3 su cargo para que le relevara V\u00edctor Fern\u00e1ndez y firmar la salvaci\u00f3n.<\/p>\n<p>El entrenador zaragozano tan s\u00f3lo hab\u00eda logrado en una ocasi\u00f3n un 0-4 a domicilio en sus tres experiencias anteriores al frente del Real Zaragoza. Fue en Primera, hace 30 a\u00f1os, y como en esta, con el apellido Aguado entre los protagonistas: Xavi en aquella y Marc este viernes. El 20 marzo de 1994, los blanquillos acudieron al Calder\u00f3n en la cuarta posici\u00f3n para jugar contra un Atl\u00e9tico de Madrid en posiciones de descenso. Los colchoneros estaban dirigidos por Ovejero en una campa\u00f1a en la que Jes\u00fas Gil, una trituradora con los t\u00e9cnicos, lleg\u00f3 a contar con seis entrenadores diferentes. Esn\u00e1ider, Belsu\u00e9, Arag\u00f3n de penalti y Garc\u00eda Sanju\u00e1n marcaron los tantos de un conjunto que finaliz\u00f3 el campeonato en la tercera plaza, gan\u00f3 la Copa al Celta y\u00a0 rubric\u00f3 71 goles, un r\u00e9cord realizador que sigue vigente.<\/p>\n<p>V\u00edctor Fern\u00e1ndez s\u00f3lo ha conseguido mejorar este resultado como visitante en el campeonato dom\u00e9stico a lo largo de su carrera en una oportunidad. Con el Celta se impuso 1-6 en San Mam\u00e9s al Athletic en el 2002. En el 2003, dobleg\u00f3 con el Betis a la Real Sociedad por 0-4 en su \u00faltima gran goleada fuera de casa.<\/p>\n","protected":false},"excerpt":{"rendered":"<p>El Real Zaragoza consigui\u00f3 por \u00faltima vez en Liga una goleada similar a la de C\u00e1diz en la temporada 2018-2019, con Idiakez en el banquillo. El conjunto aragon\u00e9s visit\u00f3 el Carlos Tartiere en la cuarta jornada y se llev\u00f3 por delante al Real Oviedo con dianas de \u00c1lvaro V\u00e1zquez, Verdadca, <a class=\"read-more\" href=\"https:\/\/principesdeparis.es\/principes\/30-anos-del-otro-0-4-de-victor-con-el-real-zaragoza\/\">Sigue leyendo<\/a><\/p>\n","protected":false},"author":2,"featured_media":16108,"comment_status":"open","ping_status":"open","sticky":false,"template":"","format":"standard","meta":{"footnotes":""},"categories":[13,1],"tags":[],"class_list":["post-16107","post","type-post","status-publish","format-standard","has-post-thumbnail","hentry","category-publicidad","category-real-zaragoza"],"_links":{"self":[{"href":"https:\/\/principesdeparis.es\/principes\/wp-json\/wp\/v2\/posts\/16107","targetHints":{"allow":["GET"]}}],"collection":[{"href":"https:\/\/principesdeparis.es\/principes\/wp-json\/wp\/v2\/posts"}],"about":[{"href":"https:\/\/principesdeparis.es\/principes\/wp-json\/wp\/v2\/types\/post"}],"author":[{"embeddable":true,"href":"https:\/\/principesdeparis.es\/principes\/wp-json\/wp\/v2\/users\/2"}],"replies":[{"embeddable":true,"href":"https:\/\/principesdeparis.es\/principes\/wp-json\/wp\/v2\/comments?post=16107"}],"version-history":[{"count":5,"href":"https:\/\/principesdeparis.es\/principes\/wp-json\/wp\/v2\/posts\/16107\/revisions"}],"predecessor-version":[{"id":16124,"href":"https:\/\/principesdeparis.es\/principes\/wp-json\/wp\/v2\/posts\/16107\/revisions\/16124"}],"wp:featuredmedia":[{"embeddable":true,"href":"https:\/\/principesdeparis.es\/principes\/wp-json\/wp\/v2\/media\/16108"}],"wp:attachment":[{"href":"https:\/\/principesdeparis.es\/principes\/wp-json\/wp\/v2\/media?parent=16107"}],"wp:term":[{"taxonomy":"category","embeddable":true,"href":"https:\/\/principesdeparis.es\/principes\/wp-json\/wp\/v2\/categories?post=16107"},{"taxonomy":"post_tag","embeddable":true,"href":"https:\/\/principesdeparis.es\/principes\/wp-json\/wp\/v2\/tags?post=16107"}],"curies":[{"name":"wp","href":"https:\/\/api.w.org\/{rel}","templated":true}]}}