{"id":16125,"date":"2024-08-18T19:15:23","date_gmt":"2024-08-18T19:15:23","guid":{"rendered":"https:\/\/principesdeparis.es\/principes\/?p=16125"},"modified":"2024-08-18T19:23:52","modified_gmt":"2024-08-18T19:23:52","slug":"igbekeme-tambien-le-dijo-no-a-victor","status":"publish","type":"post","link":"https:\/\/principesdeparis.es\/principes\/igbekeme-tambien-le-dijo-no-a-victor\/","title":{"rendered":"Igbekeme tambi\u00e9n le dijo \u00abno\u00bb a V\u00edctor"},"content":{"rendered":"<p style=\"text-align: center;\"><em><strong>Al igual que Jair contra el C\u00e1diz el pasado viernes, en la primera jornada de la temporada 2019-2020 el nigeriano decidi\u00f3 ausentarse ante el Tenerife<\/strong><\/em><\/p>\n<p>Jair Amador no cuenta para V\u00edctor Fern\u00e1ndez. Sin embargo, la tesitura actual de la plantilla, con un agujero considerable en la posici\u00f3n central de la defensa, ha obligado al t\u00e9cnico a recurrir al portugu\u00e9s para completar la defensa durante la pretemporada. El viernes, en el debut del actual torneo, iba a ser titular, pero el futbolista explic\u00f3 al entrenador, seg\u00fan la versi\u00f3n del propio t\u00e9cnico, que no se encontraba en condiciones de participar. La situaci\u00f3n de Jair, en negociaciones para buscar una salida hacia otro club, fue la causa por la que, pese a tener contrato en vigor con el Real Zaragoza, renunci\u00f3 a que su nombre apareciese en la alineaci\u00f3n. V\u00edctor intent\u00f3 edulcorar la rebeli\u00f3n present\u00e1ndola como un gesto de honestidad, teor\u00eda que argument\u00f3 en base la participaci\u00f3n del jugador durante los 27 \u00faltimos minutos de un encuentro en el que tuvo que estrenarse Bernardo Vital cuando no estaba previsto. No obstante, al final se vivieron minutos de tensi\u00f3n con amenaza incluida de apertura de expediente por parte de Juan Carlos Cordero, una decisi\u00f3n que ha quedado aparcada pero que desvela la fuerte tirantez vivida en la tarde noche del viernes.<\/p>\n<p>El especial contexto de los mercados veraniegos, con los clubes mirando por sus intereses frente a ofertas o desvinculaciones m\u00e1s ventajosas para sus econom\u00edas, provocan este tipo de episodios donde colisionan los intereses de unos y otros. V\u00edctor Fern\u00e1ndez experiment\u00f3 un cap\u00edtulo similar en los proleg\u00f3menos de la temporada 2019-2020, cuando a James Igbekeme, con una oferta del Granada de cuatro millones de euros tras su temporada de debut en Real Zaragoza tras ser fichado por Lalo Arantegui del Gil Vicente, se le cerraron las puertas de un traspaso a un equipo de Primera. El t\u00e9cnico, seriamente afectado pro la venta de Pep Biel al FC Copenhague y convencido de que Igbekeme era una pieza vital para su proyecto, intercedi\u00f3 personalmente para que se rechazara cualquier tipo de operaci\u00f3n que no pasara por el pago de la cl\u00e1usula.<\/p>\n<p>El viernes 16 de agosto, horas antes de que arrancase la Liga 2019-2020, el nigeriano, visiblemente enfadado por esa oportunidad perdida para su carrera profesional de dar el salto a la \u00e9lite, no quiso salir al entrenamiento previo al partido con el Tenerife y se qued\u00f3 fuera de la citaci\u00f3n. El Real Zaragoza se impuso por 2-0 con goles de Luis Su\u00e1rez y Javi Ros, y en la segunda jornada Igbekeme regres\u00f3 al equipo en la visita a la Ponferradina. El 4 de febrero, Arantegui anunci\u00f3 que, pese a que el contrato del centrocampista no expiraba hasta 2022, se le hab\u00eda ampliado un a\u00f1o su vinculaci\u00f3n con una mejora salarial sobre los 150.000 euros que ganaba en esos momentos. El nigeriano tuvo presencia hasta antes de la pandemia, pero en la reanudaci\u00f3n de la competici\u00f3n s\u00f3lo particip\u00f3 de inicio en dos partidos. Ya no volvi\u00f3 a ser el mismo y fue cedido primero al Columbus Crew y despu\u00e9s al Wisla Cracovia hasta desvincularse del Real Zaragoza y jugar el pasado curso en la Ponferradina de 1\u00aa RFEF.<\/p>\n","protected":false},"excerpt":{"rendered":"<p>Al igual que Jair contra el C\u00e1diz el pasado viernes, en la primera jornada de la temporada 2019-2020 el nigeriano decidi\u00f3 ausentarse ante el Tenerife Jair Amador no cuenta para V\u00edctor Fern\u00e1ndez. Sin embargo, la tesitura actual de la plantilla, con un agujero considerable en la posici\u00f3n central de la <a class=\"read-more\" href=\"https:\/\/principesdeparis.es\/principes\/igbekeme-tambien-le-dijo-no-a-victor\/\">Sigue leyendo<\/a><\/p>\n","protected":false},"author":2,"featured_media":16126,"comment_status":"open","ping_status":"open","sticky":false,"template":"","format":"standard","meta":{"footnotes":""},"categories":[13,1],"tags":[],"class_list":["post-16125","post","type-post","status-publish","format-standard","has-post-thumbnail","hentry","category-publicidad","category-real-zaragoza"],"_links":{"self":[{"href":"https:\/\/principesdeparis.es\/principes\/wp-json\/wp\/v2\/posts\/16125","targetHints":{"allow":["GET"]}}],"collection":[{"href":"https:\/\/principesdeparis.es\/principes\/wp-json\/wp\/v2\/posts"}],"about":[{"href":"https:\/\/principesdeparis.es\/principes\/wp-json\/wp\/v2\/types\/post"}],"author":[{"embeddable":true,"href":"https:\/\/principesdeparis.es\/principes\/wp-json\/wp\/v2\/users\/2"}],"replies":[{"embeddable":true,"href":"https:\/\/principesdeparis.es\/principes\/wp-json\/wp\/v2\/comments?post=16125"}],"version-history":[{"count":5,"href":"https:\/\/principesdeparis.es\/principes\/wp-json\/wp\/v2\/posts\/16125\/revisions"}],"predecessor-version":[{"id":16131,"href":"https:\/\/principesdeparis.es\/principes\/wp-json\/wp\/v2\/posts\/16125\/revisions\/16131"}],"wp:featuredmedia":[{"embeddable":true,"href":"https:\/\/principesdeparis.es\/principes\/wp-json\/wp\/v2\/media\/16126"}],"wp:attachment":[{"href":"https:\/\/principesdeparis.es\/principes\/wp-json\/wp\/v2\/media?parent=16125"}],"wp:term":[{"taxonomy":"category","embeddable":true,"href":"https:\/\/principesdeparis.es\/principes\/wp-json\/wp\/v2\/categories?post=16125"},{"taxonomy":"post_tag","embeddable":true,"href":"https:\/\/principesdeparis.es\/principes\/wp-json\/wp\/v2\/tags?post=16125"}],"curies":[{"name":"wp","href":"https:\/\/api.w.org\/{rel}","templated":true}]}}