{"id":16134,"date":"2024-08-19T19:00:25","date_gmt":"2024-08-19T19:00:25","guid":{"rendered":"https:\/\/principesdeparis.es\/principes\/?p=16134"},"modified":"2024-08-19T19:48:41","modified_gmt":"2024-08-19T19:48:41","slug":"paso-a-poussin-no-hay-paz-en-la-porteria","status":"publish","type":"post","link":"https:\/\/principesdeparis.es\/principes\/paso-a-poussin-no-hay-paz-en-la-porteria\/","title":{"rendered":"Paso a Poussin, no hay paz en la porter\u00eda"},"content":{"rendered":"<p style=\"text-align: center;\"><strong><em>La lesi\u00f3n muscular de Femen\u00edas entrega el puesto al franc\u00e9s, que estuvo en la lista de los descartes, durante al menos tres partidos<\/em><\/strong><\/p>\n<p>Las pruebas realizadas en el d\u00eda de hoy a Joan Femen\u00edas,\u00a0 sustituido en el minuto 56 del partido que el Real Zaragoza gan\u00f3 en C\u00e1diz por 0-4 en el estreno de la competici\u00f3n de Liga, han desvelado que padece una lesi\u00f3n muscular a nivel del aductor largo de su pierna derecha, lo que significa que el meta estar\u00e1 al menos tres encuentros de baja. Ni una sola jornada ha durado la paz en una posici\u00f3n para la que estaba previsto fichar a dos futbolistas, el propio Femen\u00edas y Bad\u00eda sin que el club llegar\u00e1 a un acuerdo con el Elche para hacerse con el \u00faltimo, y en la que ha habido una calma tensa sobre el futuro de Cristian \u00c1lvarez, suspense que el propio argentino se encarg\u00f3 de despejar con el anuncio de que su intenci\u00f3n era cumplir el a\u00f1o de contrato que le resta. El de Rosario est\u00e1 ya entrenando con el grupo, pero el cuerpo t\u00e9cnico decidi\u00f3 que no se hallaba en condiciones para viajar al Nuevo Mirandilla y es posible que tampoco lo estime oportuno para el choque del pr\u00f3ximo lunes en Cartagena. La cuesti\u00f3n es que Poussin, recuperado para la causa por una relectura m\u00e1s estrat\u00e9gica que de firme convicci\u00f3n en sus virtudes en la reconstrucci\u00f3n de la plantilla, pasar\u00e1 de preparar las maletas para tomar otro destino a vestirse de titular sin otro compa\u00f1ero profesional a sus espaldas.<\/p>\n<p>Gaetan Poussin hab\u00eda perdido toda la confianza de su principal mentor, Juan Carlos Cordero, quien despu\u00e9s de los graves errores que cometi\u00f3 en Liga contra el Sporting y en Copa frente al Atzeneta con eliminaci\u00f3n incluida, le acus\u00f3 de ser uno de los principales culpables de la p\u00e9sima temporada del Real Zaragoza. Los fallos del franc\u00e9s, que debut\u00f3 frente al Alcorc\u00f3n por lesi\u00f3n de Cristian,\u00a0 fueron dantescos, el primero en El Molin\u00f3n, cuando despu\u00e9s de que Moya facilitar\u00e1 la aproximaci\u00f3n de los asturianos en el marcador, dej\u00f3 el bal\u00f3n en el c\u00e9sped sin percatarse de que Ins\u00faa estaba agazapado detr\u00e1s. El central le rob\u00f3 la pelota e igual\u00f3 el 0-2 con el que el conjunto aragon\u00e9s afront\u00f3 la recta final.\u00a0 La reca\u00edda de Cristian contra el Eibar, le dieron 19 minutos que tampoco le ayudaron a expiar sus penas con un gol majestuoso de Aketxe de falta directa que permit\u00eda la remontada del Eibar en La Romareda (2-3). Aun con ese c\u00famulo de errores, Poussin hab\u00eda mostrado maneras de portero fiable, pero en la Copa se anud\u00f3 \u00e9l mismo la soga con una nueva equivocaci\u00f3n letal.<\/p>\n<p>Ese drama hizo que se recurriera a Dani Rebollo durante nueva jornadas consecutivas en las que la confianza en ese puesto tampoco aument\u00f3. El rat\u00f3n navide\u00f1o hizo que el director deportivo negociara la cesi\u00f3n de Bad\u00eda, cuyas actuaciones frenaron en seco la angustia al menos en esa posici\u00f3n, pero la intenci\u00f3n de sumarle al nuevo proyecto no fructific\u00f3. Femen\u00edas y Poussin se repartieron la pretemporada sin mucho trabajo y, de nuevo, con la percepci\u00f3n de que el ex del Girondis, en la rampa de salida, no era tan mal portero. V\u00edctor y Cordero cambiaron de opini\u00f3n ante la imposibilidad de la vuelta de Bad\u00eda y cerraron el puesto con Femen\u00edas, Poussin y Cristian. En el amistoso de Tarragona con el N\u00e1stic, el franc\u00e9s volvi\u00f3 a retratarse con un un terrible despeje que acab\u00f3 en penalti pero no fue suficiente para que se cambiara de opini\u00f3n en cuanto a su continuidad.<\/p>\n<p>Frente al Cartagena, el Mirand\u00e9s y el Elche, siempre y cuando Cristian no se interponga y asalte la titularidad, Poussin ser\u00e1 el responsable de la porter\u00eda del Real Zaragoza, el puesto peor gestionado hasta el momento, en su en\u00e9sima oportunidad por reivindicarse. Ahora mismo jugar\u00e1 bajo la presi\u00f3n de que act\u00faa sin el comod\u00edn del p\u00fablico, alerta con un jugador que definitivamente no ofrece la seguridad que se requiere para ese cargo. Parec\u00eda que s\u00ed, pero es que no. Lo que pueda hacer Poussin es una aut\u00e9ntica inc\u00f3gnita, la peor sombra que puede perseguir a un futbolista en su lugar.<\/p>\n<p>&nbsp;<\/p>\n","protected":false},"excerpt":{"rendered":"<p>La lesi\u00f3n muscular de Femen\u00edas entrega el puesto al franc\u00e9s, que estuvo en la lista de los descartes, durante al menos tres partidos Las pruebas realizadas en el d\u00eda de hoy a Joan Femen\u00edas,\u00a0 sustituido en el minuto 56 del partido que el Real Zaragoza gan\u00f3 en C\u00e1diz por 0-4 <a class=\"read-more\" href=\"https:\/\/principesdeparis.es\/principes\/paso-a-poussin-no-hay-paz-en-la-porteria\/\">Sigue leyendo<\/a><\/p>\n","protected":false},"author":2,"featured_media":16135,"comment_status":"open","ping_status":"open","sticky":false,"template":"","format":"standard","meta":{"footnotes":""},"categories":[13,1],"tags":[],"class_list":["post-16134","post","type-post","status-publish","format-standard","has-post-thumbnail","hentry","category-publicidad","category-real-zaragoza"],"_links":{"self":[{"href":"https:\/\/principesdeparis.es\/principes\/wp-json\/wp\/v2\/posts\/16134","targetHints":{"allow":["GET"]}}],"collection":[{"href":"https:\/\/principesdeparis.es\/principes\/wp-json\/wp\/v2\/posts"}],"about":[{"href":"https:\/\/principesdeparis.es\/principes\/wp-json\/wp\/v2\/types\/post"}],"author":[{"embeddable":true,"href":"https:\/\/principesdeparis.es\/principes\/wp-json\/wp\/v2\/users\/2"}],"replies":[{"embeddable":true,"href":"https:\/\/principesdeparis.es\/principes\/wp-json\/wp\/v2\/comments?post=16134"}],"version-history":[{"count":8,"href":"https:\/\/principesdeparis.es\/principes\/wp-json\/wp\/v2\/posts\/16134\/revisions"}],"predecessor-version":[{"id":16143,"href":"https:\/\/principesdeparis.es\/principes\/wp-json\/wp\/v2\/posts\/16134\/revisions\/16143"}],"wp:featuredmedia":[{"embeddable":true,"href":"https:\/\/principesdeparis.es\/principes\/wp-json\/wp\/v2\/media\/16135"}],"wp:attachment":[{"href":"https:\/\/principesdeparis.es\/principes\/wp-json\/wp\/v2\/media?parent=16134"}],"wp:term":[{"taxonomy":"category","embeddable":true,"href":"https:\/\/principesdeparis.es\/principes\/wp-json\/wp\/v2\/categories?post=16134"},{"taxonomy":"post_tag","embeddable":true,"href":"https:\/\/principesdeparis.es\/principes\/wp-json\/wp\/v2\/tags?post=16134"}],"curies":[{"name":"wp","href":"https:\/\/api.w.org\/{rel}","templated":true}]}}