{"id":16144,"date":"2024-08-21T09:03:46","date_gmt":"2024-08-21T09:03:46","guid":{"rendered":"https:\/\/principesdeparis.es\/principes\/?p=16144"},"modified":"2024-08-21T09:07:28","modified_gmt":"2024-08-21T09:07:28","slug":"los-15-lideratos-de-victor-fernandez","status":"publish","type":"post","link":"https:\/\/principesdeparis.es\/principes\/los-15-lideratos-de-victor-fernandez\/","title":{"rendered":"Los 15 lideratos de V\u00edctor Fern\u00e1ndez"},"content":{"rendered":"<p style=\"text-align: center;\"><em><strong>El t\u00e9cnico, en los siete clubes que ha dirigido en su carrera, ha conseguido ser primero en alguna ocasi\u00f3n con Real Zaragoza, Celta y Oporto<\/strong><\/em><\/p>\n<p>El Real Zaragoza cerr\u00f3 la primera jornada como l\u00edder de Segunda gracias al contundente 0-4 cosechado en C\u00e1diz. No hace tanto que se aferr\u00f3 a la primera plaza, en concreto durante las siete primeras jornadas de la temporada pasada, con Fran Escrib\u00e1 al volante. Las cinco victorias consecutivas ante Villarreal B, Valladolid, Tenerife, Eldense y Cartagena le mantuvieron en la cima frente al estupor y la euforia del zaragocismo, que vio en ese arranque inmaculado la se\u00f1al del regreso a Primera. Sin embargo la bandera de ilusi\u00f3n ardi\u00f3 por los cuatro costados en un descenso progresivo a los infiernos que finaliz\u00f3 con el regreso de V\u00edctor Fern\u00e1ndez en sustituci\u00f3n de Julio Vel\u00e1zquez para evitar la seria amenaza del descenso y dise\u00f1ar un proyecto con el \u00fanico objetivo del ascenso. El aplastante triunfo en el Nuevo Mirandilla ha tenido un efecto si no similar s\u00ed parejo, esta vez emparentado a la figura de un entrenador reconocido como el \u00fanico mes\u00edas capaz de devolver al equipo a la \u00e9lite tras doce a\u00f1os por un desierto descorazonador.<\/p>\n<p>La \u00faltima ocasi\u00f3n que el conjunto aragon\u00e9s estuvo en lo m\u00e1s alto de la clasificaci\u00f3n antes de esta cada con Escrib\u00e1 fue en el curso 2016-2017, con Luis Milla al frente. Un 3-1 al UCAM Murcia en La Romareda en la jornada inaugural hizo posible dominar la Liga durante una semana. En Primera, hay que remontarse hasta el ejercicio 2004-2005. Con la Supercopa reci\u00e9n instalada en las vitrinas tras doblegar al Valencia, el Real Zaragoza de V\u00edctor Mu\u00f1oz empez\u00f3 con un 3-1 contra el Getafe que le aup\u00f3 a la cumbre. Durante unos minutos, un gol de Milosevic en Mestalla hizo que el Real Zaragoza fuera campe\u00f3n de Liga por primera vez en su historia con Txetxu Rojo al mando en la 1999-2000. Era el \u00faltimo partido y el sue\u00f1o no tard\u00f3 en desvanecerse. Fue un bello liderato virtual. La campa\u00f1a anterior, la primera de Polvorilla como t\u00e9cnico, un 3-1 al Racing de Santander en la cuarta fecha mantuvo al equipo en la cima durante siete d\u00edas. Milla, Mu\u00f1oz y Rojo&#8230; Antes que ellos, hace 30 a\u00f1os, V\u00edctor Fern\u00e1ndez logr\u00f3 hacer cumbre, en la temporada 94-95, en la 9\u00aa y 11\u00aa jornadas. Un 0-1 en el Benito Villamar\u00edn y un empate sin goles en Logro\u00f1o le propulsaron a la azotea de la tabla.<\/p>\n<p>En C\u00e1diz, V\u00edctor volvi\u00f3 a saborear esa sensaci\u00f3n en Segunda con el Real Zaragoza. Con una plantilla interina, a expensas de un mercado fren\u00e9tico con nueve d\u00edas para concretar salidas muy importantes y entradas trascendentales, se ha subido a un podio por 15\u00aa ocasi\u00f3n en su carrera profesional. Adem\u00e1s de la tres ya mencionados con el equipo blanquillo, fue l\u00edder siete veces con el Celta de Vigo entre las campa\u00f1as 1998-1999, 2000-2001 y 2001-2002 y cinco con el Oporto en la 2004-2005. No pudo con el Tenerife, el Betis en dos ocasiones, el Gent belga ni el Deportivo de la Coru\u00f1a, y tampoco con Agapito Iglesias en su primer retorno al club aragon\u00e9s ni en el anterior proyecto que cogi\u00f3 desde el principio en busca del ascenso, el del batacazo con la pandemia como recurrente y enga\u00f1osa justificaci\u00f3n. El lunes, en Cartagena, podr\u00e1 sumar un nuevo liderato a su biograf\u00eda, y el Real Zaragoza tambi\u00e9n.<\/p>\n","protected":false},"excerpt":{"rendered":"<p>El t\u00e9cnico, en los siete clubes que ha dirigido en su carrera, ha conseguido ser primero en alguna ocasi\u00f3n con Real Zaragoza, Celta y Oporto El Real Zaragoza cerr\u00f3 la primera jornada como l\u00edder de Segunda gracias al contundente 0-4 cosechado en C\u00e1diz. No hace tanto que se aferr\u00f3 a <a class=\"read-more\" href=\"https:\/\/principesdeparis.es\/principes\/los-15-lideratos-de-victor-fernandez\/\">Sigue leyendo<\/a><\/p>\n","protected":false},"author":2,"featured_media":16146,"comment_status":"open","ping_status":"open","sticky":false,"template":"","format":"standard","meta":{"footnotes":""},"categories":[13,1],"tags":[],"class_list":["post-16144","post","type-post","status-publish","format-standard","has-post-thumbnail","hentry","category-publicidad","category-real-zaragoza"],"_links":{"self":[{"href":"https:\/\/principesdeparis.es\/principes\/wp-json\/wp\/v2\/posts\/16144","targetHints":{"allow":["GET"]}}],"collection":[{"href":"https:\/\/principesdeparis.es\/principes\/wp-json\/wp\/v2\/posts"}],"about":[{"href":"https:\/\/principesdeparis.es\/principes\/wp-json\/wp\/v2\/types\/post"}],"author":[{"embeddable":true,"href":"https:\/\/principesdeparis.es\/principes\/wp-json\/wp\/v2\/users\/2"}],"replies":[{"embeddable":true,"href":"https:\/\/principesdeparis.es\/principes\/wp-json\/wp\/v2\/comments?post=16144"}],"version-history":[{"count":2,"href":"https:\/\/principesdeparis.es\/principes\/wp-json\/wp\/v2\/posts\/16144\/revisions"}],"predecessor-version":[{"id":16147,"href":"https:\/\/principesdeparis.es\/principes\/wp-json\/wp\/v2\/posts\/16144\/revisions\/16147"}],"wp:featuredmedia":[{"embeddable":true,"href":"https:\/\/principesdeparis.es\/principes\/wp-json\/wp\/v2\/media\/16146"}],"wp:attachment":[{"href":"https:\/\/principesdeparis.es\/principes\/wp-json\/wp\/v2\/media?parent=16144"}],"wp:term":[{"taxonomy":"category","embeddable":true,"href":"https:\/\/principesdeparis.es\/principes\/wp-json\/wp\/v2\/categories?post=16144"},{"taxonomy":"post_tag","embeddable":true,"href":"https:\/\/principesdeparis.es\/principes\/wp-json\/wp\/v2\/tags?post=16144"}],"curies":[{"name":"wp","href":"https:\/\/api.w.org\/{rel}","templated":true}]}}