{"id":16148,"date":"2024-08-21T17:30:58","date_gmt":"2024-08-21T17:30:58","guid":{"rendered":"https:\/\/principesdeparis.es\/principes\/?p=16148"},"modified":"2024-08-21T17:50:36","modified_gmt":"2024-08-21T17:50:36","slug":"cristian-dice-esta-para-viajar-a-cartagena","status":"publish","type":"post","link":"https:\/\/principesdeparis.es\/principes\/cristian-dice-esta-para-viajar-a-cartagena\/","title":{"rendered":"Cristian dice que est\u00e1 para viajar a Cartagena"},"content":{"rendered":"<p>El 0-4 de C\u00e1diz: \u00abSi hubi\u00e9semos metidos dos goles m\u00e1s, mucho mejor. El resultado fue fant\u00e1stico, fant\u00e1stico. pero es s\u00f3lo un partido\u00bb.<\/p>\n<p>El ascenso: \u00abEs muy pronto para decirlo. Hay cosas diferentes como las hab\u00eda tambi\u00e9n la temporada pasada, si bien es muy pronto para hacer balances o an\u00e1lisis. Sencillamente tenemos que seguir trabajando y sumandos puntos\u00bb.<\/p>\n<p>C\u00f3mo ve la temporada: \u00abA m\u00ed, la verdad, em ilusiones, aunque hay que ser prudentes y humildes tambi\u00e9n. La temporada anterior no tuvimos esa humildad y esa ense\u00f1anza la tenemos que aplicar ahora. Por muy ilusionante que se vea hay que saber d\u00f3nde estamos y que el recorrido es muy largo hacia un objetivo que es inmejorable\u00bb.<\/p>\n<p>Su situaci\u00f3n personal: \u00abYa lo dije, puedo controlar lo que est\u00e1 en mi mano que es el trabajo y la honestidad. Y vuelvo a la casilla de partida para construir una temporada bonita en lo personal. Ojal\u00e1, por encima de todo, sea una temporada brillante a nivel grupal e institucional\u00bb.<\/p>\n<p>Vulnerable frente a la Virgen: \u00bb Me pone muy nervioso hablar en p\u00fablico y al tener la Virgen delante&#8230; ES un acto muy importante para la ciudad y para todos los aragoneses. Soy muy tranquilo pero a veces cosas como estas me pesan. Pido cosas hay delante y me tiemblan las manos\u00bb.<\/p>\n<p>Estado f\u00edsico: \u00abEstoy en la recta final del trabajo espec\u00edfico que me plante\u00e9 cuando regres\u00e9 de vacaciones y ahora estoy en la etapa de recibir minutos y acciones de juego real\u00bb.<\/p>\n<p>Cartagena: \u00abSi todo sigue seg\u00fan lo previsto, la idea es que viaje\u00bb<\/p>\n","protected":false},"excerpt":{"rendered":"<p>El 0-4 de C\u00e1diz: \u00abSi hubi\u00e9semos metidos dos goles m\u00e1s, mucho mejor. El resultado fue fant\u00e1stico, fant\u00e1stico. pero es s\u00f3lo un partido\u00bb. El ascenso: \u00abEs muy pronto para decirlo. Hay cosas diferentes como las hab\u00eda tambi\u00e9n la temporada pasada, si bien es muy pronto para hacer balances o an\u00e1lisis. Sencillamente <a class=\"read-more\" href=\"https:\/\/principesdeparis.es\/principes\/cristian-dice-esta-para-viajar-a-cartagena\/\">Sigue leyendo<\/a><\/p>\n","protected":false},"author":2,"featured_media":16151,"comment_status":"open","ping_status":"open","sticky":false,"template":"","format":"standard","meta":{"footnotes":""},"categories":[13,1],"tags":[],"class_list":["post-16148","post","type-post","status-publish","format-standard","has-post-thumbnail","hentry","category-publicidad","category-real-zaragoza"],"_links":{"self":[{"href":"https:\/\/principesdeparis.es\/principes\/wp-json\/wp\/v2\/posts\/16148","targetHints":{"allow":["GET"]}}],"collection":[{"href":"https:\/\/principesdeparis.es\/principes\/wp-json\/wp\/v2\/posts"}],"about":[{"href":"https:\/\/principesdeparis.es\/principes\/wp-json\/wp\/v2\/types\/post"}],"author":[{"embeddable":true,"href":"https:\/\/principesdeparis.es\/principes\/wp-json\/wp\/v2\/users\/2"}],"replies":[{"embeddable":true,"href":"https:\/\/principesdeparis.es\/principes\/wp-json\/wp\/v2\/comments?post=16148"}],"version-history":[{"count":10,"href":"https:\/\/principesdeparis.es\/principes\/wp-json\/wp\/v2\/posts\/16148\/revisions"}],"predecessor-version":[{"id":16159,"href":"https:\/\/principesdeparis.es\/principes\/wp-json\/wp\/v2\/posts\/16148\/revisions\/16159"}],"wp:featuredmedia":[{"embeddable":true,"href":"https:\/\/principesdeparis.es\/principes\/wp-json\/wp\/v2\/media\/16151"}],"wp:attachment":[{"href":"https:\/\/principesdeparis.es\/principes\/wp-json\/wp\/v2\/media?parent=16148"}],"wp:term":[{"taxonomy":"category","embeddable":true,"href":"https:\/\/principesdeparis.es\/principes\/wp-json\/wp\/v2\/categories?post=16148"},{"taxonomy":"post_tag","embeddable":true,"href":"https:\/\/principesdeparis.es\/principes\/wp-json\/wp\/v2\/tags?post=16148"}],"curies":[{"name":"wp","href":"https:\/\/api.w.org\/{rel}","templated":true}]}}