{"id":16163,"date":"2024-08-22T18:03:47","date_gmt":"2024-08-22T18:03:47","guid":{"rendered":"https:\/\/principesdeparis.es\/principes\/?p=16163"},"modified":"2024-08-28T12:46:07","modified_gmt":"2024-08-28T12:46:07","slug":"el-crack-de-cordero-se-va-a-polonia","status":"publish","type":"post","link":"https:\/\/principesdeparis.es\/principes\/el-crack-de-cordero-se-va-a-polonia\/","title":{"rendered":"El &#8216;crack&#8217; de Cordero se va a Polonia"},"content":{"rendered":"<p style=\"text-align: center;\"><em><strong>Sinan Bakis, la gran apuesta goleadora del director deportivo que no marc\u00f3 un solo tanto, jugar\u00e1 cedido una temporada en el G\u00f6rnik Zabrze<\/strong><\/em><\/p>\n<p>El fichaje de Sinan Bakis fue muy aplaudido el pasado verano. Sus n\u00fameros como goleador, funci\u00f3n para la que fue fichado despu\u00e9s de tres temporadas de nulo acierto con los delanteros, no eran brillantes en su extensa carrera por ligas medias y menores de Europa, pero las 12 dianas que logr\u00f3 en el Andorra de Eder Sarabia sedujeron a Juan Carlos Cordero, que aprovech\u00f3 la libertad contractual del turco para firmarle por tres temporadas a raz\u00f3n de cerca de 800.000 euros por ejercicio. Un a\u00f1o despu\u00e9s, el punta sale cedido hacia el <em><strong>G\u00f6rnik Zabrze\u00a0<\/strong><\/em><strong>de\u00a0<\/strong><strong>la\u00a0<\/strong>Liga polaca, seg\u00fan informa el Peri\u00f3dico de Arag\u00f3n, quien informa que el jugador ha rebajado sus emolumentos para facilitar la oferta de su nuevo club, elevada en las \u00faltimas horas para hacerse cargo del 80% de su ficha. Ha participado en 1126 minutos repartidos en 19 encuentros, 14 de ellos de titular y se marcha, por el momento, de vac\u00edo ante la porter\u00eda.<\/p>\n<p>El fracaso ha sido sonoro y se ha necesitado ingenier\u00eda de la fina para hallar un lugar para que el futbolista deje libre su plaza y libere la econom\u00eda para futuras contrataciones. Un crack que, adem\u00e1s, no lleg\u00f3 al cien por cien. Cordero\u00a0 asumi\u00f3 el riesgo que le comunic\u00f3 el equipo m\u00e9dico cuando el atacante pas\u00f3 el reconocimiento: su rodilla derecha presentaba una serie de \u00falceras en el cart\u00edlago que podr\u00edan poner en peligro su rendimiento en el futuro. Sin embargo, se consider\u00f3 por ambas partes que la articulaci\u00f3n era apta para soportar la carga de esfuerzos y se aprob\u00f3 dio su cara contrataci\u00f3n.<\/p>\n<section>\n<div class=\"single-post-layout\">\n<article id=\"post-15696\" class=\"post-title--top post-title--align-center post-15696 post type-post status-publish format-standard has-post-thumbnail hentry category-publicidad category-real-zaragoza\">\n<div class=\"entry-content\">\n<p>A principios de noviembre, el d\u00eda 4, la rodilla de Bakis dijo basta en un golpe fortuito durante el entrenamiento, justo antes de que el Real Zaragoza recibiera al Real Oviedo en La Romareda. Las pruebas a las que fue sometido detectaron que sufr\u00eda una meniscopat\u00eda y se dictamin\u00f3 que en lugar de pasar por el quir\u00f3fano, lo que le condenaba a perderse el resto del curso, se sometiera a un tratamiento conservador. Sin haber marcado un solo gol, el delantero estuvo tres meses de baja, periodo que abarc\u00f3 un mercado invernal en el que Cordero descart\u00f3 reforzar la posici\u00f3n a la espera del regreso del turco y unos cart\u00edlagos ya en constante sospecha despu\u00e9s de esa prolongada estancia en la enfermer\u00eda. El punta volvi\u00f3 en febrero de forma progresiva. Fue suplente contra el Sporting, disput\u00f3 11 minutos ante el \u00c9ibar y la segunda parte de la derrota en casa frente al Cartagena. Segu\u00eda sin ver puerta y la sobrecarga de esfuerzos le pas\u00f3 factura en otro ensayo, esta vez con una lesi\u00f3n muscular en el aductor de su pierna derecha. V\u00edctor Fern\u00e1ndez, pese a que no ten\u00eda ritmo competitivo tras tres jornadas ausente, aprovech\u00f3 el alta m\u00e9dica para apostar en su debut todo o nada por Bakis, el \u00fanico delantero que le convenc\u00eda de la plantilla.<\/p>\n<p>Cinco titularidades consecutivas fueron suficientes para comprobar que el turco arrastraba una melancol\u00eda deportiva muy ligada a su penitencia f\u00edsica. No consigui\u00f3 un solo tanto, ni tan siquiera disponer de ocasiones, por lo que al t\u00e9cnico zaragozano no le qued\u00f3 m\u00e1s remedio que recurrir a Az\u00f3n, con la compa\u00f1\u00eda de Liso, para que tirara ofensivamente de un equipo que se escurr\u00eda hacia el descenso. En los \u00faltimos siete partidos, Bakis apareci\u00f3, casi como un fantasma, 19 minutos, a rebufo incluso de Sergi Enrich y Cuenca. Las \u00falceras de su rodilla derecha descubiertas hace poco m\u00e1s de un a\u00f1o y que el jefe de los servicios m\u00e9dicos, Ireneo de los M\u00e1rtires, y Cordero sobre todo estimaron causa insuficiente para frenar su fichaje, tuvieron un precio elevad\u00edsimo en el trascurso de la campa\u00f1a. Bakis se va a pr\u00e9stamo a Polonia, pero volver\u00e1.<\/p>\n<\/div>\n<footer class=\"entry-footer clearfix\"><\/footer>\n<\/article>\n<\/div>\n<\/section>\n<section>\n<div class=\"ca-related-posts\">\n<div class=\"row\">\n<div class=\"col-sm-6\">\n<div class=\"ca-related-post ca-related-post--prev\"><\/div>\n<\/div>\n<div class=\"col-sm-6\">\n<div class=\"ca-related-post ca-related-post--next\">\n<p class=\"ca-related-post_title\">\n<\/div>\n<\/div>\n<\/div>\n<\/div>\n<\/section>\n","protected":false},"excerpt":{"rendered":"<p>Sinan Bakis, la gran apuesta goleadora del director deportivo que no marc\u00f3 un solo tanto, jugar\u00e1 cedido una temporada en el G\u00f6rnik Zabrze El fichaje de Sinan Bakis fue muy aplaudido el pasado verano. Sus n\u00fameros como goleador, funci\u00f3n para la que fue fichado despu\u00e9s de tres temporadas de nulo <a class=\"read-more\" href=\"https:\/\/principesdeparis.es\/principes\/el-crack-de-cordero-se-va-a-polonia\/\">Sigue leyendo<\/a><\/p>\n","protected":false},"author":2,"featured_media":16165,"comment_status":"open","ping_status":"open","sticky":false,"template":"","format":"standard","meta":{"footnotes":""},"categories":[13,1],"tags":[],"class_list":["post-16163","post","type-post","status-publish","format-standard","has-post-thumbnail","hentry","category-publicidad","category-real-zaragoza"],"_links":{"self":[{"href":"https:\/\/principesdeparis.es\/principes\/wp-json\/wp\/v2\/posts\/16163","targetHints":{"allow":["GET"]}}],"collection":[{"href":"https:\/\/principesdeparis.es\/principes\/wp-json\/wp\/v2\/posts"}],"about":[{"href":"https:\/\/principesdeparis.es\/principes\/wp-json\/wp\/v2\/types\/post"}],"author":[{"embeddable":true,"href":"https:\/\/principesdeparis.es\/principes\/wp-json\/wp\/v2\/users\/2"}],"replies":[{"embeddable":true,"href":"https:\/\/principesdeparis.es\/principes\/wp-json\/wp\/v2\/comments?post=16163"}],"version-history":[{"count":3,"href":"https:\/\/principesdeparis.es\/principes\/wp-json\/wp\/v2\/posts\/16163\/revisions"}],"predecessor-version":[{"id":16284,"href":"https:\/\/principesdeparis.es\/principes\/wp-json\/wp\/v2\/posts\/16163\/revisions\/16284"}],"wp:featuredmedia":[{"embeddable":true,"href":"https:\/\/principesdeparis.es\/principes\/wp-json\/wp\/v2\/media\/16165"}],"wp:attachment":[{"href":"https:\/\/principesdeparis.es\/principes\/wp-json\/wp\/v2\/media?parent=16163"}],"wp:term":[{"taxonomy":"category","embeddable":true,"href":"https:\/\/principesdeparis.es\/principes\/wp-json\/wp\/v2\/categories?post=16163"},{"taxonomy":"post_tag","embeddable":true,"href":"https:\/\/principesdeparis.es\/principes\/wp-json\/wp\/v2\/tags?post=16163"}],"curies":[{"name":"wp","href":"https:\/\/api.w.org\/{rel}","templated":true}]}}