{"id":16172,"date":"2024-08-24T10:04:43","date_gmt":"2024-08-24T10:04:43","guid":{"rendered":"https:\/\/principesdeparis.es\/principes\/?p=16172"},"modified":"2024-08-24T12:34:58","modified_gmt":"2024-08-24T12:34:58","slug":"celmente-regresa-al-real-zaragoza","status":"publish","type":"post","link":"https:\/\/principesdeparis.es\/principes\/celmente-regresa-al-real-zaragoza\/","title":{"rendered":"Clemente regresa al Real Zaragoza"},"content":{"rendered":"<p>La imposibilidad de contratar a las primeras opciones para cubrir el eje defensivo, casos del atl\u00e9tico Kostis, un defensor de nivel superior, y del serbio Lekovic, tambi\u00e9n alto pero con prestaciones inferiores a las del griego, ha hecho que el club apueste por el regreso de Enrique Clemente a la disciplina del Real Zaragoza. El central, que tambi\u00e9n puede actuar de lateral izquierdo, pertenece al Las Palmas hasta 2026 y seg\u00fan ha podido confirmar Pr\u00edncipes de Paris, el acuerdo entre clubes para un pr\u00e9stamo y sin opci\u00f3n de compra est\u00e1 sellado\u00a0 y s\u00f3lo quedar\u00eda cerrarlo con el futbolista aragon\u00e9s, quien en un principio no era un partidario de regresar a un equipo donde considera que no se le valor\u00f3 como merec\u00eda. Su destino era el Elche de Eder Sarabia, equipo que el futbolista ve\u00eda con buenos ojos, pero los problemas econ\u00f3micos de la entidad ilicitana ha provocado un giro radical.<\/p>\n<p>Clemente, frente a los problemas que est\u00e1 encontrando la direcci\u00f3n deportiva para hacerse con futbolistas prioritarios para la posici\u00f3n de central, ha sido una apuesta de V\u00edctor Fern\u00e1ndez, que lo hizo debutar el 30 de agosto de 2019 frente al Elche, para asegurarse un jugador que conoce de su \u00faltima etapa en el club y que le ofrece garant\u00edas. En la rueda de prensa de esta ma\u00f1ana, al ser cuestionado por Clemente, el t\u00e9cnico ha dicho que \u00abcomo espectador, es de los que me gustar\u00eda ver todos los domingos en La Romareda\u00bb. Lo mismo ha comentado sobre el eslovaco Sebastian Kosa, un tallo de 191 cent\u00edmetros de 20 a\u00f1os que se halla en el proceso final para concretar su fichaje.<\/p>\n<p>El defensa zaragozano firm\u00f3 por Las Palmas en 2022 despu\u00e9s de cumplir, a\u00fan en el Real Zaragoza, una cesi\u00f3n en la Real Sociedad B (antes lo hab\u00eda hecho en el Logro\u00f1\u00e9s). Los canarios, con quienes ascendi\u00f3 a Primera con poca participaci\u00f3n en el bloque amarillo,\u00a0 lo cedieron el curso pasado\u00a0 al Racing de Ferrol, donde jug\u00f3 20 encuentros, 15 de titular. Las urgencias y la confianza de V\u00edctor abren las puertas de nuevo a un defensa con una excelente salida de bal\u00f3n que, sin embargo, en muchas ocasiones ha dejado dudas sobre su rotundidad defensiva. Su polivalencia y el hecho de que no tendr\u00eda que pasar por un periodo de aclimataci\u00f3n al equipo ni a la competici\u00f3n han jugado mucho a su favor una vez que los elegidos como primera opciones en el mercado se han distanciado casi por completo.<\/p>\n<p>&nbsp;<\/p>\n","protected":false},"excerpt":{"rendered":"<p>La imposibilidad de contratar a las primeras opciones para cubrir el eje defensivo, casos del atl\u00e9tico Kostis, un defensor de nivel superior, y del serbio Lekovic, tambi\u00e9n alto pero con prestaciones inferiores a las del griego, ha hecho que el club apueste por el regreso de Enrique Clemente a la <a class=\"read-more\" href=\"https:\/\/principesdeparis.es\/principes\/celmente-regresa-al-real-zaragoza\/\">Sigue leyendo<\/a><\/p>\n","protected":false},"author":2,"featured_media":16173,"comment_status":"open","ping_status":"open","sticky":false,"template":"","format":"standard","meta":{"footnotes":""},"categories":[13,1],"tags":[],"class_list":["post-16172","post","type-post","status-publish","format-standard","has-post-thumbnail","hentry","category-publicidad","category-real-zaragoza"],"_links":{"self":[{"href":"https:\/\/principesdeparis.es\/principes\/wp-json\/wp\/v2\/posts\/16172","targetHints":{"allow":["GET"]}}],"collection":[{"href":"https:\/\/principesdeparis.es\/principes\/wp-json\/wp\/v2\/posts"}],"about":[{"href":"https:\/\/principesdeparis.es\/principes\/wp-json\/wp\/v2\/types\/post"}],"author":[{"embeddable":true,"href":"https:\/\/principesdeparis.es\/principes\/wp-json\/wp\/v2\/users\/2"}],"replies":[{"embeddable":true,"href":"https:\/\/principesdeparis.es\/principes\/wp-json\/wp\/v2\/comments?post=16172"}],"version-history":[{"count":20,"href":"https:\/\/principesdeparis.es\/principes\/wp-json\/wp\/v2\/posts\/16172\/revisions"}],"predecessor-version":[{"id":16206,"href":"https:\/\/principesdeparis.es\/principes\/wp-json\/wp\/v2\/posts\/16172\/revisions\/16206"}],"wp:featuredmedia":[{"embeddable":true,"href":"https:\/\/principesdeparis.es\/principes\/wp-json\/wp\/v2\/media\/16173"}],"wp:attachment":[{"href":"https:\/\/principesdeparis.es\/principes\/wp-json\/wp\/v2\/media?parent=16172"}],"wp:term":[{"taxonomy":"category","embeddable":true,"href":"https:\/\/principesdeparis.es\/principes\/wp-json\/wp\/v2\/categories?post=16172"},{"taxonomy":"post_tag","embeddable":true,"href":"https:\/\/principesdeparis.es\/principes\/wp-json\/wp\/v2\/tags?post=16172"}],"curies":[{"name":"wp","href":"https:\/\/api.w.org\/{rel}","templated":true}]}}