{"id":16175,"date":"2024-08-24T10:36:40","date_gmt":"2024-08-24T10:36:40","guid":{"rendered":"https:\/\/principesdeparis.es\/principes\/?p=16175"},"modified":"2024-08-24T10:50:18","modified_gmt":"2024-08-24T10:50:18","slug":"victor-estoy-mas-estresado-que-cordero-y-la-propiedad","status":"publish","type":"post","link":"https:\/\/principesdeparis.es\/principes\/victor-estoy-mas-estresado-que-cordero-y-la-propiedad\/","title":{"rendered":"V\u00edctor: \u00abEstoy m\u00e1s estresado que Cordero y la propiedad\u00bb"},"content":{"rendered":"<p><strong>Mercado:<\/strong> \u00abTodo sigue igual. No ha habido novedad oficial. Hay operaciones, s\u00ed. Para m\u00ed es fundamental que el tiempo no nos condicione. Es la hoja de ruta de todos en el club. Lo importante es los jugadores que tienen que venir, los mejores dentro de nuestras posibilidades. Estoy m\u00e1s estresado porque cuando se acorta el tiempo, reponerte es m\u00e1s dif\u00edcil.\u00a0 Sabemos que estamos asumiendo el m\u00e1ximo riesgo desde el principio. Vamos a tener calma, los objetivos est\u00e1n ah\u00ed pero no todo depende de nosotros. En el Real Zaragoza estar\u00e1n quienes quieren estar y los que puedan estar. Con esto os digo mucho. No me aparto de la convicci\u00f3n de un proceso largo y complicado\u00bb<\/p>\n<p><strong>Lejos de otros clubes todav\u00eda<\/strong>: \u00abEstamos los mismos, por lo tanto seguimos lejos de esos equipos con mayor potencial. Ha cambiado que tenemos tres puntos muy importantes para construir desde la victoria. Los entrenamientos me generan mucha ilusi\u00f3n por la calidad. Estamos encajando muchas piezas y se tienen que adaptar cuanto antes para lograr la armon\u00eda que necesitamos. No tengo tiempo y tenemos que ser competitivos desde ya. Cada d\u00eda mejoramos m\u00e1s\u00bb.<\/p>\n<p><strong>Aketxe y Cristian<\/strong>: \u00abAger se contractur\u00f3 y fue un susto. Hoy ha hecho el entrenamiento con normalidad pero le hemos apartado de golpear. Espero que pueda llegar pero lo veremos m\u00e1s en el ensayo de ma\u00f1ana. La evoluci\u00f3n ha sido positiva. Cristian ser\u00e1 uno de los convocados\u00bb.<\/p>\n<p><strong>El once de Cartagena:<\/strong> \u00abNo habr\u00e1 grandes modificaciones. Lo importante es que haya m\u00e1s competitividad, lo que nos ayudar\u00e1 a ser mejores.\u00a0 Bermejo sigue en su situaci\u00f3n contractual, mientras no tenga informaci\u00f3n del club lo utilizar\u00e9 si lo necesito\u00bb.<\/p>\n<p><strong>Jair:<\/strong> \u00abVa a viajar, s\u00ed. Pero no s\u00e9, si ma\u00f1ana llega una oferta&#8230; Mientras no me digan lo contrario, cuento con \u00e9l. Es un profesional que est\u00e1 cobrando del Real Zaragoza\u00bb.<\/p>\n<p><strong>Poussin<\/strong>: \u00abCuento con una ventaja en este caso y es que he manifestado que Poussin es un futbolista reseteado con la mente muy limpia, sin presiones, y adem\u00e1s, ha hecho buenos partidos en la pretemporada. Yo estoy tranquilo con \u00e9l, no estoy temblando, me da tranquilidad y seguridad\u00bb.<\/p>\n<p><strong>Sin euforia<\/strong>: \u00abNo hemos incidido en el 0-4 de C\u00e1diz. Lo que s\u00ed he hecho es potenciar en visualizar en lo que hemos hecho bien. Les puse un v\u00eddeo. Se vio la presi\u00f3n&#8230; Siempre no vamos a ganar de esa manera tan brillante, pero los mecanismos que vamos repitiendo se\u00f1alan el camino. No es el momento para salir con confianza, sino con humildad y mucha ambici\u00f3n. Somos un equipo joven y eso hay que aprovecharlo porque es nuestra apuesta, la energ\u00eda, la velocidad, la presi\u00f3n. Lo que nos falta nos tiene que dar el brillo definitivo. Esto es una marat\u00f3n y tenemos que aprender con ese punto de serenidad y saber d\u00f3nde estamos\u00bb.<\/p>\n<p><strong>Fichajes<\/strong>: \u00abFaltan bastantes. Estoy contento pero estoy estresado. Quiz\u00e1s tengo un punto menos de tranquilidad que Cordero y el director general y que Mariano Aguilar. Estamos convencidos de que el foco est\u00e1 bien puesto en lo que necesitamos. En el mercado de Segunda es muy complicado sorprender\u00bb.<\/p>\n<p><strong>Kosa y Clemente<\/strong>: \u00abNo puedo decir nada porque no son jugadores m\u00edos. Como entrenador te dir\u00eda que son dos muy buenos jugadores y como espectador me gustar\u00eda verlos los domingos en La Romareda\u00bb,<\/p>\n<p><strong>Sober\u00f3n<\/strong>: \u00abLos atacantes se alimentan del gol, pero tenemos que dar un salto muy grande en todo, en goles, en victorias. Todo al margen de las individualidades. La dificultad es descomunal y vamos necesitar goles de Bazdar, de Bermejo, de Liso&#8230;<\/p>\n<p><strong>El sinsentido del mercado:<\/strong> \u00abNo tiene sentido. No es normal. Deber\u00edamos ajustar m\u00e1s el cierre del mercado. Todos nos quejamos pero no s\u00e9 de qui\u00e9n depende la soluci\u00f3n. Estoy en modo entrenador, no en modo mercado para preparar un partido ante el Cartagena que ser\u00e1 dif\u00edcil, si bien no es sencillo abstraerse de lo otro\u00bb.<\/p>\n<p>&nbsp;<\/p>\n","protected":false},"excerpt":{"rendered":"<p>Mercado: \u00abTodo sigue igual. No ha habido novedad oficial. Hay operaciones, s\u00ed. Para m\u00ed es fundamental que el tiempo no nos condicione. Es la hoja de ruta de todos en el club. Lo importante es los jugadores que tienen que venir, los mejores dentro de nuestras posibilidades. Estoy m\u00e1s estresado <a class=\"read-more\" href=\"https:\/\/principesdeparis.es\/principes\/victor-estoy-mas-estresado-que-cordero-y-la-propiedad\/\">Sigue leyendo<\/a><\/p>\n","protected":false},"author":2,"featured_media":16182,"comment_status":"open","ping_status":"open","sticky":false,"template":"","format":"standard","meta":{"footnotes":""},"categories":[13,1],"tags":[],"class_list":["post-16175","post","type-post","status-publish","format-standard","has-post-thumbnail","hentry","category-publicidad","category-real-zaragoza"],"_links":{"self":[{"href":"https:\/\/principesdeparis.es\/principes\/wp-json\/wp\/v2\/posts\/16175","targetHints":{"allow":["GET"]}}],"collection":[{"href":"https:\/\/principesdeparis.es\/principes\/wp-json\/wp\/v2\/posts"}],"about":[{"href":"https:\/\/principesdeparis.es\/principes\/wp-json\/wp\/v2\/types\/post"}],"author":[{"embeddable":true,"href":"https:\/\/principesdeparis.es\/principes\/wp-json\/wp\/v2\/users\/2"}],"replies":[{"embeddable":true,"href":"https:\/\/principesdeparis.es\/principes\/wp-json\/wp\/v2\/comments?post=16175"}],"version-history":[{"count":11,"href":"https:\/\/principesdeparis.es\/principes\/wp-json\/wp\/v2\/posts\/16175\/revisions"}],"predecessor-version":[{"id":16187,"href":"https:\/\/principesdeparis.es\/principes\/wp-json\/wp\/v2\/posts\/16175\/revisions\/16187"}],"wp:featuredmedia":[{"embeddable":true,"href":"https:\/\/principesdeparis.es\/principes\/wp-json\/wp\/v2\/media\/16182"}],"wp:attachment":[{"href":"https:\/\/principesdeparis.es\/principes\/wp-json\/wp\/v2\/media?parent=16175"}],"wp:term":[{"taxonomy":"category","embeddable":true,"href":"https:\/\/principesdeparis.es\/principes\/wp-json\/wp\/v2\/categories?post=16175"},{"taxonomy":"post_tag","embeddable":true,"href":"https:\/\/principesdeparis.es\/principes\/wp-json\/wp\/v2\/tags?post=16175"}],"curies":[{"name":"wp","href":"https:\/\/api.w.org\/{rel}","templated":true}]}}