{"id":16207,"date":"2024-08-24T19:13:58","date_gmt":"2024-08-24T19:13:58","guid":{"rendered":"https:\/\/principesdeparis.es\/principes\/?p=16207"},"modified":"2024-08-24T19:40:53","modified_gmt":"2024-08-24T19:40:53","slug":"sebastian-kosa-centimetros-para-la-defensa","status":"publish","type":"post","link":"https:\/\/principesdeparis.es\/principes\/sebastian-kosa-centimetros-para-la-defensa\/","title":{"rendered":"Sebastian Kosa, cent\u00edmetros para la defensa"},"content":{"rendered":"<p>El Real Zaragoza ha hecho oficial fichaje de Sebastian Kosa, un central eslovaco de 20 a\u00f1os que aportar\u00e1 altura al eje defensivo con sus 191 cent\u00edmetros. El defensor, que militaba en el Sparta Trnava de su pa\u00eds y es internacional (estuvo en la \u00faltima Eurocopa aunque no jugo un solo minuto), se convierte el el d\u00e9cimo fichaje del mercado tras las contrataciones de Femen\u00edas, Tasende, Calero, Vital, Keidi Bare, Gori, Aketxe, Sober\u00f3n y Bazdar. Kosa, como Bernardo Vital dese el Estoril portugu\u00e9s, viene a solucionar uno de los mayores problemas del conjunto aragon\u00e9s, completar una zona hu\u00e9rfana de efectivos tras la venta de Franc\u00e9s y el descarte de Jair (aunque a\u00fan siga en la plantilla) que suma un nuevo futbolista que al principio no estaba en la lista de Juan Carlos Cordero. La dificultad o imposibilidad para hacerse con centrales de mayor pedigr\u00ed como Basso y sobre Kostis y la operaci\u00f3n enquistada con Lekovicy el Estrella Roja, ha facilitado la apuesta por Kosa a la espera de descubrir su aut\u00e9ntica dimensi\u00f3n en una competici\u00f3n, Segunda, mucho m\u00e1s exigente que la Nike Liga eslovaca.<\/p>\n<blockquote class=\"twitter-tweet\">\n<p dir=\"ltr\" lang=\"und\">K\u00d3\u0160A ES<\/p>\n<p><a href=\"https:\/\/t.co\/8Q3xVQ9w67\">pic.twitter.com\/8Q3xVQ9w67<\/a><\/p>\n<p>\u2014 Real Zaragoza (@RealZaragoza) <a href=\"https:\/\/twitter.com\/RealZaragoza\/status\/1827422215274385670?ref_src=twsrc%5Etfw\">August 24, 2024<\/a><\/p><\/blockquote>\n<p><script async src=\"https:\/\/platform.twitter.com\/widgets.js\" charset=\"utf-8\"><\/script><\/p>\n","protected":false},"excerpt":{"rendered":"<p>El Real Zaragoza ha hecho oficial fichaje de Sebastian Kosa, un central eslovaco de 20 a\u00f1os que aportar\u00e1 altura al eje defensivo con sus 191 cent\u00edmetros. El defensor, que militaba en el Sparta Trnava de su pa\u00eds y es internacional (estuvo en la \u00faltima Eurocopa aunque no jugo un solo <a class=\"read-more\" href=\"https:\/\/principesdeparis.es\/principes\/sebastian-kosa-centimetros-para-la-defensa\/\">Sigue leyendo<\/a><\/p>\n","protected":false},"author":2,"featured_media":16208,"comment_status":"open","ping_status":"open","sticky":false,"template":"","format":"standard","meta":{"footnotes":""},"categories":[13,1],"tags":[],"class_list":["post-16207","post","type-post","status-publish","format-standard","has-post-thumbnail","hentry","category-publicidad","category-real-zaragoza"],"_links":{"self":[{"href":"https:\/\/principesdeparis.es\/principes\/wp-json\/wp\/v2\/posts\/16207","targetHints":{"allow":["GET"]}}],"collection":[{"href":"https:\/\/principesdeparis.es\/principes\/wp-json\/wp\/v2\/posts"}],"about":[{"href":"https:\/\/principesdeparis.es\/principes\/wp-json\/wp\/v2\/types\/post"}],"author":[{"embeddable":true,"href":"https:\/\/principesdeparis.es\/principes\/wp-json\/wp\/v2\/users\/2"}],"replies":[{"embeddable":true,"href":"https:\/\/principesdeparis.es\/principes\/wp-json\/wp\/v2\/comments?post=16207"}],"version-history":[{"count":5,"href":"https:\/\/principesdeparis.es\/principes\/wp-json\/wp\/v2\/posts\/16207\/revisions"}],"predecessor-version":[{"id":16215,"href":"https:\/\/principesdeparis.es\/principes\/wp-json\/wp\/v2\/posts\/16207\/revisions\/16215"}],"wp:featuredmedia":[{"embeddable":true,"href":"https:\/\/principesdeparis.es\/principes\/wp-json\/wp\/v2\/media\/16208"}],"wp:attachment":[{"href":"https:\/\/principesdeparis.es\/principes\/wp-json\/wp\/v2\/media?parent=16207"}],"wp:term":[{"taxonomy":"category","embeddable":true,"href":"https:\/\/principesdeparis.es\/principes\/wp-json\/wp\/v2\/categories?post=16207"},{"taxonomy":"post_tag","embeddable":true,"href":"https:\/\/principesdeparis.es\/principes\/wp-json\/wp\/v2\/tags?post=16207"}],"curies":[{"name":"wp","href":"https:\/\/api.w.org\/{rel}","templated":true}]}}