{"id":16216,"date":"2024-08-25T19:57:56","date_gmt":"2024-08-25T19:57:56","guid":{"rendered":"https:\/\/principesdeparis.es\/principes\/?p=16216"},"modified":"2024-08-25T20:11:27","modified_gmt":"2024-08-25T20:11:27","slug":"el-real-zaragoza-en-obras-busca-mas-cemento","status":"publish","type":"post","link":"https:\/\/principesdeparis.es\/principes\/el-real-zaragoza-en-obras-busca-mas-cemento\/","title":{"rendered":"El Real Zaragoza en obras busca m\u00e1s cemento"},"content":{"rendered":"<p style=\"text-align: center;\"><em><strong>El equipo aragon\u00e9s, a\u00fan muy pendiente del mercado para hacerse reconocible, juega en Cartagena sin el lesionado Aketxe con el reto de sumar otro triunfo que fo<\/strong><strong>rtalezc<\/strong><strong>a su<\/strong><\/em> <em><strong>porvenir<\/strong><\/em><\/p>\n<p>Por mucho que el 0-4 del arranque de Liga dejara un excelente imagen del Real Zaragoza, con pinceladas de equipo lanzado, valiente, dominador y goleador, ese partido frente al C\u00e1diz hay que ponerlo en su lugar despu\u00e9s de haberlo saboreado como se merece. El campeonato est\u00e1 celebrando en agosto una minicomptieci\u00f3n poco fiable, condicionada por un mercado persa donde los clubes cruzan compras y ventas con sus plantillas sin configurar. Una locura que invita a ser prudente hasta que el pr\u00f3ximo viernes cierre el bazar de la desfachatez de Javier Tebas. El conjunto aragon\u00e9s es uno de los m\u00e1s afectados por el n\u00famero de entradas y salidas que est\u00e1 asumiendo, con diez nuevos fichajes en n\u00f3mina y cinco m\u00e1s en espera mientras Juan Carlos Cordero intenta desprenderse por completo o con cesiones de futbolistas que erosionan el l\u00edmite salarial como Bakis, Sabin Merino o Jair sin saberse todav\u00eda si Bermejo se queda o no. En ese manicomio, su respuesta en la primera jornada fue tajante, tres puntos soberanos que revisten de mucha tranquilidad la zona en obras en la que se halla. Este lunes, en Cartagena buscar\u00e1 m\u00e1s cemento, otro triunfo que le permita llegar a septiembre con el m\u00e1ximo bot\u00edn posible y la revoluci\u00f3n de V\u00edctor Fern\u00e1ndez consumada.<\/p>\n<p>A Cartagonova ha viajado adem\u00e1s sin dos de sus jugadores en teor\u00eda principales, con el central eslovaco Sebasti\u00e1n Kosa convertido en la d\u00e9cima adquisici\u00f3n pero pendiente del examen m\u00e9dico y la firma. Femen\u00edas sufri\u00f3 un da\u00f1o muscular y estar\u00e1 como m\u00ednimo tres semanas de baja, y con el guardameta se ha quedado en Zaragoza Ager Aketxe pendiente de unas pruebas m\u00e9dica para conocer el alcance de su lesi\u00f3n en el cu\u00e1driceps. Lo del vizca\u00edno, se\u00f1alado como un elemento diferencial, preocupa bastante. La porter\u00eda, a la que regresa Cristian \u00c1lvarez como suplente tras su largas convalecencia y recuperaci\u00f3n, quedar\u00e1 en manos de Poussin. El entrenador ha querido transmitir que el franc\u00e9s se ha reseteado de sus errores del pasado (dejando al margen el del amistoso de Tarragona), pero hay en la atm\u00f3sfera una inc\u00f3gnita sobre su rendimiento y, sobre todo, por lo que se refiere a si su fortaleza mental le alcanza para una actuaci\u00f3n regular, sin episodios de nervios e indecisiones. Tampoco ha entrado en la citaci\u00f3n Jair Amador por un balonazo fortuito que recibi\u00f3 en un ensayo de Iv\u00e1n Az\u00f3n que le ha provocado una uve\u00edtis traum\u00e1tica en el ojo derecho, un malestar que le impide competir y que le tendr\u00e1 una semana de tratamiento, justo el tiempo en el que se debe aclarar cu\u00e1l ser\u00e1 su destino. Sabater ha entrado en la lista en lugar del portugu\u00e9s.<\/p>\n<p>Al once no le afectar\u00e1 estos en exceso estos contratiempos salvo por lo de Femen\u00edas. El resto de la alineaci\u00f3n ser\u00e1 la misma que arras\u00f3 en el Nuevo Mirandilla con Calero, Llu\u00eds L\u00f3pez, Vital, Tasende, Keidi Bare, Aguado, Bermejo, Liso, Sober\u00f3n y Bazdar. La idea ser\u00e1 tambi\u00e9n la misma, despegue tras robo y transici\u00f3n lo m\u00e1s veloz posible, si bien se da por seguro que el Cartagena, que cay\u00f3 en Burgos (3-1), no va a ofrecer tantas facilidades como el C\u00e1diz, condenado por los errores de Caro, una depresi\u00f3n de caballo y la voracidad del Real Zaragoza, inmisericorde con los andaluces. En su segundo partido consecutivo a domicilio, el equipo de V\u00edctor Fern\u00e1ndez sigue siendo un bosquejo de lo que pretende el t\u00e9cnico. Ese 0-4 del debut ha despertado una feliz confusi\u00f3n y sorpresa, con algunas campanas al vuelo sonando ya en los torreones de los m\u00e1s optimistas. Saldr\u00e1 el conjunto aragon\u00e9s (19.00) a por otra victoria porque en este frenop\u00e1tico estival todo es posible antes de que se vayan estableciendo la normalidad y las jerarqu\u00edas. Mientras se descubre la fachada aut\u00e9ntica del Real Zaragoza, que en principio se ha iluminado de ambiciones, Cartagena, con Ortu\u00f1o y su legi\u00f3n de veteranos con gran experiencia, aparece en su ruta como otra plaza que asaltar sin complejos en este agosto amorfo.<\/p>\n<blockquote class=\"twitter-tweet\">\n<p lang=\"es\" dir=\"ltr\">&#x2705; Los  para Cartagena <a href=\"https:\/\/t.co\/MF1NtHMALx\">pic.twitter.com\/MF1NtHMALx<\/a><\/p>\n<p>&mdash; Real Zaragoza (@RealZaragoza) <a href=\"https:\/\/twitter.com\/RealZaragoza\/status\/1827663364249513994?ref_src=twsrc%5Etfw\">August 25, 2024<\/a><\/p><\/blockquote>\n<p> <script async src=\"https:\/\/platform.twitter.com\/widgets.js\" charset=\"utf-8\"><\/script><\/p>\n","protected":false},"excerpt":{"rendered":"<p>El equipo aragon\u00e9s, a\u00fan muy pendiente del mercado para hacerse reconocible, juega en Cartagena sin el lesionado Aketxe con el reto de sumar otro triunfo que fortalezca su porvenir Por mucho que el 0-4 del arranque de Liga dejara un excelente imagen del Real Zaragoza, con pinceladas de equipo lanzado, <a class=\"read-more\" href=\"https:\/\/principesdeparis.es\/principes\/el-real-zaragoza-en-obras-busca-mas-cemento\/\">Sigue leyendo<\/a><\/p>\n","protected":false},"author":2,"featured_media":16218,"comment_status":"open","ping_status":"open","sticky":false,"template":"","format":"standard","meta":{"footnotes":""},"categories":[13,1],"tags":[],"class_list":["post-16216","post","type-post","status-publish","format-standard","has-post-thumbnail","hentry","category-publicidad","category-real-zaragoza"],"_links":{"self":[{"href":"https:\/\/principesdeparis.es\/principes\/wp-json\/wp\/v2\/posts\/16216","targetHints":{"allow":["GET"]}}],"collection":[{"href":"https:\/\/principesdeparis.es\/principes\/wp-json\/wp\/v2\/posts"}],"about":[{"href":"https:\/\/principesdeparis.es\/principes\/wp-json\/wp\/v2\/types\/post"}],"author":[{"embeddable":true,"href":"https:\/\/principesdeparis.es\/principes\/wp-json\/wp\/v2\/users\/2"}],"replies":[{"embeddable":true,"href":"https:\/\/principesdeparis.es\/principes\/wp-json\/wp\/v2\/comments?post=16216"}],"version-history":[{"count":6,"href":"https:\/\/principesdeparis.es\/principes\/wp-json\/wp\/v2\/posts\/16216\/revisions"}],"predecessor-version":[{"id":16223,"href":"https:\/\/principesdeparis.es\/principes\/wp-json\/wp\/v2\/posts\/16216\/revisions\/16223"}],"wp:featuredmedia":[{"embeddable":true,"href":"https:\/\/principesdeparis.es\/principes\/wp-json\/wp\/v2\/media\/16218"}],"wp:attachment":[{"href":"https:\/\/principesdeparis.es\/principes\/wp-json\/wp\/v2\/media?parent=16216"}],"wp:term":[{"taxonomy":"category","embeddable":true,"href":"https:\/\/principesdeparis.es\/principes\/wp-json\/wp\/v2\/categories?post=16216"},{"taxonomy":"post_tag","embeddable":true,"href":"https:\/\/principesdeparis.es\/principes\/wp-json\/wp\/v2\/tags?post=16216"}],"curies":[{"name":"wp","href":"https:\/\/api.w.org\/{rel}","templated":true}]}}