{"id":16224,"date":"2024-08-26T15:56:05","date_gmt":"2024-08-26T15:56:05","guid":{"rendered":"https:\/\/principesdeparis.es\/principes\/?p=16224"},"modified":"2024-08-26T16:29:55","modified_gmt":"2024-08-26T16:29:55","slug":"el-real-zaragoza-presenta-la-alineacion-mas-joven-de-las-dos-primeras-jornadas","status":"publish","type":"post","link":"https:\/\/principesdeparis.es\/principes\/el-real-zaragoza-presenta-la-alineacion-mas-joven-de-las-dos-primeras-jornadas\/","title":{"rendered":"El Real Zaragoza presenta la alineaci\u00f3n m\u00e1s joven de las dos primeras jornadas"},"content":{"rendered":"<p style=\"text-align: center;\"><em><strong>El once frente al Cartagena, que s\u00f3lo presenta la novedad de Poussin, tiene una media de 24,8 de edad por los 29, cuatro m\u00e1s, del equipo que entrena Abelardo<\/strong><\/em><\/p>\n<p>Nadie en la categor\u00eda ha presentado una alineaci\u00f3n m\u00e1s joven que el Real Zaragoza en las dos primeras jornadas de Liga. El conjunto aragon\u00e9s, muy pendiente a\u00fan de los movimientos del mercado para conocer el perfil definitivo de su plantilla, ha reducido la media de 25,3 de edad de los futbolistas que conformaron el once contra en C\u00e1diz en el arranque de la competici\u00f3n (tan s\u00f3lo superior a los a los 25,2 del Almer\u00eda) a los 24,8 con que jugar\u00e1 estar tarde frente al Cartagena. La salida del equipo por lesi\u00f3n de Femen\u00edas, tres a\u00f1os mayor que Poussin (28 por 25), ha provocado ese rejuvenecimiento del equipo inicial, el m\u00e1s biso\u00f1o hasta el momento. El Real Zaragoza formar\u00e1 con Poussin (25), Calero (26), Llu\u00eds L\u00f3pez (27), Vital (23), Tasende (24), Keidi Bare (26), Aguado (24), Bermejo (26), Liso (19), Sober\u00f3n (27) y Bazdar (20). El Cartagena de Abelardo perdi\u00f3 en su estreno en Burgos con una media de 30,8, la formaci\u00f3n m\u00e1s veterana de Segunda tras el Albacete, l\u00edder con diferencia en sus compromisos en Granada (30,9) y en su victoria ante el Elche (31,1). Hoy ha rebajado a 29 a\u00f1os de media con las entradas de Cedric y Gast\u00f3n por Luis Mu\u00f1oz y Ortu\u00f1o.<\/p>\n<p>El regreso de Cristian \u00c1lvarez a una citaci\u00f3n en la que no est\u00e1 Jair por un problema ocular tras recibir un balonazo en un ensayo es una de las dos principales noticias de este segundo compromiso a domicilio consecutivo con motivo e las obras de La Romareda. La otra la protagoniza, en la vertiente negativa, la ausencia de Ager Aketxe, con una lesi\u00f3n muscular en el cu\u00e1driceps de la que todav\u00eda no se ha establecido su gravedad. V\u00edctor Fern\u00e1ndez s\u00f3lo mueve el equipo por obligaci\u00f3n en la porter\u00eda por la baja de Femen\u00edas. La vuelta a competici\u00f3n oficial de Poussin va acompa\u00f1ada de la continuidad del resto de futbolistas que arrollaron al C\u00e1diz. V\u00edctor recalc\u00f3 ayer que el meta franc\u00e9s le da absoluta confianza para zanjar las dudas que sobrevuelan la figura del guardameta tras sus errores de la temporada pasada y un fallo en el amistoso en Tarragona que se pas\u00f3 por alto al detener despu\u00e9s el penalti que \u00e9l mismo hab\u00eda provocado.<\/p>\n<p>El Real Zaragoza, que ha ha presentado a su d\u00e9cimo fichaje, el central eslovaco Sebastian Kosa y que est\u00e1 a punto de anunciar el regreso de Enrique Clemente en pr\u00e9stamo, desde el Las Palmas, intentar\u00e1 sorprender al Cartagena, que presenta tres cambios con Kiko Olivas, Cedric y Gast\u00f3n, para reivindicar su excelente puesta en escena en el Nuevo Mirandilla, defender el liderato y, sobre todo, hacer caja mientras caen las cuatro \u00faltimas hojas del calendario de un mercado\u00a0 en el que todav\u00eda le resta por conseguir cinco futbolistas m\u00e1s como m\u00ednimo, todos ellos para ser importantes en la plantilla.<\/p>\n<p><strong>La alineaci\u00f3n del Cartagena<\/strong><\/p>\n<blockquote class=\"twitter-tweet\">\n<p dir=\"ltr\" lang=\"es\">ALINEACI\u00d3N | Nuestro 1&#x20e3;1&#x20e3; titular para el <a href=\"https:\/\/twitter.com\/hashtag\/CartagenaRealZaragoza?src=hash&amp;ref_src=twsrc%5Etfw\">#CartagenaRealZaragoza<\/a><\/p>\n<p>\u00a1 E F E S \u00c9 ! <a href=\"https:\/\/t.co\/8Y1MrWpvsc\">pic.twitter.com\/8Y1MrWpvsc<\/a><\/p>\n<p>\u2014 FC Cartagena (@FCCartagena_efs) <a href=\"https:\/\/twitter.com\/FCCartagena_efs\/status\/1828099974757744788?ref_src=twsrc%5Etfw\">August 26, 2024<\/a><\/p><\/blockquote>\n<p><script async src=\"https:\/\/platform.twitter.com\/widgets.js\" charset=\"utf-8\"><\/script><\/p>\n","protected":false},"excerpt":{"rendered":"<p>El once frente al Cartagena, que s\u00f3lo presenta la novedad de Poussin, tiene una media de 24,8 de edad por los 29, cuatro m\u00e1s, del equipo que entrena Abelardo Nadie en la categor\u00eda ha presentado una alineaci\u00f3n m\u00e1s joven que el Real Zaragoza en las dos primeras jornadas de Liga. <a class=\"read-more\" href=\"https:\/\/principesdeparis.es\/principes\/el-real-zaragoza-presenta-la-alineacion-mas-joven-de-las-dos-primeras-jornadas\/\">Sigue leyendo<\/a><\/p>\n","protected":false},"author":2,"featured_media":16227,"comment_status":"open","ping_status":"open","sticky":false,"template":"","format":"standard","meta":{"footnotes":""},"categories":[13,1],"tags":[],"class_list":["post-16224","post","type-post","status-publish","format-standard","has-post-thumbnail","hentry","category-publicidad","category-real-zaragoza"],"_links":{"self":[{"href":"https:\/\/principesdeparis.es\/principes\/wp-json\/wp\/v2\/posts\/16224","targetHints":{"allow":["GET"]}}],"collection":[{"href":"https:\/\/principesdeparis.es\/principes\/wp-json\/wp\/v2\/posts"}],"about":[{"href":"https:\/\/principesdeparis.es\/principes\/wp-json\/wp\/v2\/types\/post"}],"author":[{"embeddable":true,"href":"https:\/\/principesdeparis.es\/principes\/wp-json\/wp\/v2\/users\/2"}],"replies":[{"embeddable":true,"href":"https:\/\/principesdeparis.es\/principes\/wp-json\/wp\/v2\/comments?post=16224"}],"version-history":[{"count":14,"href":"https:\/\/principesdeparis.es\/principes\/wp-json\/wp\/v2\/posts\/16224\/revisions"}],"predecessor-version":[{"id":16239,"href":"https:\/\/principesdeparis.es\/principes\/wp-json\/wp\/v2\/posts\/16224\/revisions\/16239"}],"wp:featuredmedia":[{"embeddable":true,"href":"https:\/\/principesdeparis.es\/principes\/wp-json\/wp\/v2\/media\/16227"}],"wp:attachment":[{"href":"https:\/\/principesdeparis.es\/principes\/wp-json\/wp\/v2\/media?parent=16224"}],"wp:term":[{"taxonomy":"category","embeddable":true,"href":"https:\/\/principesdeparis.es\/principes\/wp-json\/wp\/v2\/categories?post=16224"},{"taxonomy":"post_tag","embeddable":true,"href":"https:\/\/principesdeparis.es\/principes\/wp-json\/wp\/v2\/tags?post=16224"}],"curies":[{"name":"wp","href":"https:\/\/api.w.org\/{rel}","templated":true}]}}